{"id":3449,"date":"2026-04-28T00:35:08","date_gmt":"2026-04-28T03:35:08","guid":{"rendered":"https:\/\/pericohoy.com.ar\/wp2\/?p=3449"},"modified":"2026-04-28T00:35:09","modified_gmt":"2026-04-28T03:35:09","slug":"amenazas-en-escuelas-ya-hay-91-causas-y-30-menores-identificados-en-jujuy","status":"publish","type":"post","link":"https:\/\/pericohoy.com.ar\/wp2\/index.php\/2026\/04\/28\/amenazas-en-escuelas-ya-hay-91-causas-y-30-menores-identificados-en-jujuy\/","title":{"rendered":"Amenazas en escuelas: ya hay 91 causas y 30 menores identificados en Jujuy"},"content":{"rendered":"\n<p> Hubo allanamientos, secuestro de celulares y audiencias imputativas en puerta. El secretario de Comunicaci\u00f3n, Alberto Siufi, dijo que no se trata de \u00abuna travesura, es un tema grave\u201d.<\/p>\n\n\n\n<p>Hubo allanamientos, secuestro de celulares y audiencias imputativas en puerta. El secretario de Comunicaci\u00f3n, Alberto Siufi, dijo que no se trata de \u00abuna travesura, es un tema grave\u201d.<\/p>\n\n\n\n<p>Y anticip\u00f3 que habr\u00e1 responsabilidades civiles y penales. Durante la investigaci\u00f3n se realizaron 13 allanamientos y se secuestraron dispositivos electr\u00f3nicos clave.<\/p>\n\n\n\n<p>Tambi\u00e9n destac\u00f3 la colaboraci\u00f3n de padres que entregaron voluntariamente celulares para avanzar en las causas. Las audiencias imputativas se realizar\u00edan en los pr\u00f3ximos d\u00edas.<\/p>\n\n\n\n<p>Celulares en clase<\/p>\n\n\n\n<p>La medida busca reducir distracciones y reforzar el control en las aulas. El uso quedar\u00e1 bajo decisi\u00f3n de los docentes.<\/p>\n\n\n\n<p>Tras los episodios de amenazas en escuelas, el gobierno juje\u00f1o decidi\u00f3 avanzar con una regulaci\u00f3n del uso de celulares en las aulas.<\/p>\n\n\n\n<p>Seg\u00fan explic\u00f3 Siufi, los dispositivos seguir\u00e1n siendo utilizados como herramienta pedag\u00f3gica, pero quedar\u00e1n bajo control del docente.<\/p>\n\n\n\n<p>\u201cVa a ser una medida pol\u00e9mica, pero responde a una realidad: el celular distrae\u201d, se\u00f1al\u00f3. La implementaci\u00f3n ya genera debate en la comunidad educativa.<\/p>\n\n\n<figure class=\"wp-block-post-featured-image\"><img loading=\"lazy\" decoding=\"async\" width=\"432\" height=\"255\" src=\"https:\/\/pericohoy.com.ar\/wp2\/wp-content\/uploads\/2026\/04\/FB_IMG_1777347126503.jpg\" class=\"attachment-post-thumbnail size-post-thumbnail wp-post-image\" alt=\"\" style=\"object-fit:cover;\" srcset=\"https:\/\/pericohoy.com.ar\/wp2\/wp-content\/uploads\/2026\/04\/FB_IMG_1777347126503.jpg 432w, https:\/\/pericohoy.com.ar\/wp2\/wp-content\/uploads\/2026\/04\/FB_IMG_1777347126503-300x177.jpg 300w\" sizes=\"auto, (max-width: 432px) 100vw, 432px\" \/><\/figure>","protected":false},"excerpt":{"rendered":"<p>Hubo allanamientos, secuestro de celulares y audiencias imputativas en puerta. El secretario de Comunicaci\u00f3n, Alberto Siufi, dijo que no se trata de \u00abuna travesura, es un tema grave\u201d. Hubo allanamientos, secuestro de celulares y audiencias imputativas en puerta. El secretario de Comunicaci\u00f3n, Alberto Siufi, dijo que no se trata de \u00abuna travesura, es un tema [&hellip;]<\/p>\n","protected":false},"author":3,"featured_media":3450,"comment_status":"closed","ping_status":"closed","sticky":false,"template":"","format":"standard","meta":{"footnotes":""},"categories":[1],"tags":[],"class_list":["post-3449","post","type-post","status-publish","format-standard","has-post-thumbnail","hentry","category-sin-categoria"],"yoast_head":"<!-- This site is optimized with the Yoast SEO plugin v27.4 - https:\/\/yoast.com\/product\/yoast-seo-wordpress\/ -->\n<title>Amenazas en escuelas: ya hay 91 causas y 30 menores identificados en Jujuy - Perico Hoy<\/title>\n<meta name=\"robots\" content=\"index, follow, max-snippet:-1, max-image-preview:large, max-video-preview:-1\" \/>\n<link rel=\"canonical\" href=\"https:\/\/pericohoy.com.ar\/wp2\/index.php\/2026\/04\/28\/amenazas-en-escuelas-ya-hay-91-causas-y-30-menores-identificados-en-jujuy\/\" \/>\n<meta property=\"og:locale\" content=\"es_ES\" \/>\n<meta property=\"og:type\" content=\"article\" \/>\n<meta property=\"og:title\" content=\"Amenazas en escuelas: ya hay 91 causas y 30 menores identificados en Jujuy - Perico Hoy\" \/>\n<meta property=\"og:description\" content=\"Hubo allanamientos, secuestro de celulares y audiencias imputativas en puerta. El secretario de Comunicaci\u00f3n, Alberto Siufi, dijo que no se trata de \u00abuna travesura, es un tema grave\u201d. Hubo allanamientos, secuestro de celulares y audiencias imputativas en puerta. El secretario de Comunicaci\u00f3n, Alberto Siufi, dijo que no se trata de \u00abuna travesura, es un tema [&hellip;]\" \/>\n<meta property=\"og:url\" content=\"https:\/\/pericohoy.com.ar\/wp2\/index.php\/2026\/04\/28\/amenazas-en-escuelas-ya-hay-91-causas-y-30-menores-identificados-en-jujuy\/\" \/>\n<meta property=\"og:site_name\" content=\"Perico Hoy\" \/>\n<meta property=\"article:publisher\" content=\"https:\/\/www.facebook.com\/skyfm106.1\" \/>\n<meta property=\"article:published_time\" content=\"2026-04-28T03:35:08+00:00\" \/>\n<meta property=\"article:modified_time\" content=\"2026-04-28T03:35:09+00:00\" \/>\n<meta property=\"og:image\" content=\"http:\/\/pericohoy.com.ar\/wp2\/wp-content\/uploads\/2026\/04\/FB_IMG_1777347126503.jpg\" \/>\n\t<meta property=\"og:image:width\" content=\"432\" \/>\n\t<meta property=\"og:image:height\" content=\"255\" \/>\n\t<meta property=\"og:image:type\" content=\"image\/jpeg\" \/>\n<meta name=\"author\" content=\"Editorial PericoHoy\" \/>\n<meta name=\"twitter:card\" content=\"summary_large_image\" \/>\n<meta name=\"twitter:label1\" content=\"Escrito por\" \/>\n\t<meta name=\"twitter:data1\" content=\"Editorial PericoHoy\" \/>\n\t<meta name=\"twitter:label2\" content=\"Tiempo de lectura\" \/>\n\t<meta name=\"twitter:data2\" content=\"2 minutos\" \/>\n<script type=\"application\/ld+json\" class=\"yoast-schema-graph\">{\"@context\":\"https:\\\/\\\/schema.org\",\"@graph\":[{\"@type\":\"Article\",\"@id\":\"https:\\\/\\\/pericohoy.com.ar\\\/wp2\\\/index.php\\\/2026\\\/04\\\/28\\\/amenazas-en-escuelas-ya-hay-91-causas-y-30-menores-identificados-en-jujuy\\\/#article\",\"isPartOf\":{\"@id\":\"https:\\\/\\\/pericohoy.com.ar\\\/wp2\\\/index.php\\\/2026\\\/04\\\/28\\\/amenazas-en-escuelas-ya-hay-91-causas-y-30-menores-identificados-en-jujuy\\\/\"},\"author\":{\"name\":\"Editorial PericoHoy\",\"@id\":\"https:\\\/\\\/pericohoy.com.ar\\\/wp2\\\/#\\\/schema\\\/person\\\/64faae7188964b2948da6c16625567ac\"},\"headline\":\"Amenazas en escuelas: ya hay 91 causas y 30 menores identificados en Jujuy\",\"datePublished\":\"2026-04-28T03:35:08+00:00\",\"dateModified\":\"2026-04-28T03:35:09+00:00\",\"mainEntityOfPage\":{\"@id\":\"https:\\\/\\\/pericohoy.com.ar\\\/wp2\\\/index.php\\\/2026\\\/04\\\/28\\\/amenazas-en-escuelas-ya-hay-91-causas-y-30-menores-identificados-en-jujuy\\\/\"},\"wordCount\":216,\"publisher\":{\"@id\":\"https:\\\/\\\/pericohoy.com.ar\\\/wp2\\\/#organization\"},\"image\":{\"@id\":\"https:\\\/\\\/pericohoy.com.ar\\\/wp2\\\/index.php\\\/2026\\\/04\\\/28\\\/amenazas-en-escuelas-ya-hay-91-causas-y-30-menores-identificados-en-jujuy\\\/#primaryimage\"},\"thumbnailUrl\":\"https:\\\/\\\/pericohoy.com.ar\\\/wp2\\\/wp-content\\\/uploads\\\/2026\\\/04\\\/FB_IMG_1777347126503.jpg\",\"inLanguage\":\"es\"},{\"@type\":\"WebPage\",\"@id\":\"https:\\\/\\\/pericohoy.com.ar\\\/wp2\\\/index.php\\\/2026\\\/04\\\/28\\\/amenazas-en-escuelas-ya-hay-91-causas-y-30-menores-identificados-en-jujuy\\\/\",\"url\":\"https:\\\/\\\/pericohoy.com.ar\\\/wp2\\\/index.php\\\/2026\\\/04\\\/28\\\/amenazas-en-escuelas-ya-hay-91-causas-y-30-menores-identificados-en-jujuy\\\/\",\"name\":\"Amenazas en escuelas: ya hay 91 causas y 30 menores identificados en Jujuy - Perico Hoy\",\"isPartOf\":{\"@id\":\"https:\\\/\\\/pericohoy.com.ar\\\/wp2\\\/#website\"},\"primaryImageOfPage\":{\"@id\":\"https:\\\/\\\/pericohoy.com.ar\\\/wp2\\\/index.php\\\/2026\\\/04\\\/28\\\/amenazas-en-escuelas-ya-hay-91-causas-y-30-menores-identificados-en-jujuy\\\/#primaryimage\"},\"image\":{\"@id\":\"https:\\\/\\\/pericohoy.com.ar\\\/wp2\\\/index.php\\\/2026\\\/04\\\/28\\\/amenazas-en-escuelas-ya-hay-91-causas-y-30-menores-identificados-en-jujuy\\\/#primaryimage\"},\"thumbnailUrl\":\"https:\\\/\\\/pericohoy.com.ar\\\/wp2\\\/wp-content\\\/uploads\\\/2026\\\/04\\\/FB_IMG_1777347126503.jpg\",\"datePublished\":\"2026-04-28T03:35:08+00:00\",\"dateModified\":\"2026-04-28T03:35:09+00:00\",\"breadcrumb\":{\"@id\":\"https:\\\/\\\/pericohoy.com.ar\\\/wp2\\\/index.php\\\/2026\\\/04\\\/28\\\/amenazas-en-escuelas-ya-hay-91-causas-y-30-menores-identificados-en-jujuy\\\/#breadcrumb\"},\"inLanguage\":\"es\",\"potentialAction\":[{\"@type\":\"ReadAction\",\"target\":[\"https:\\\/\\\/pericohoy.com.ar\\\/wp2\\\/index.php\\\/2026\\\/04\\\/28\\\/amenazas-en-escuelas-ya-hay-91-causas-y-30-menores-identificados-en-jujuy\\\/\"]}]},{\"@type\":\"ImageObject\",\"inLanguage\":\"es\",\"@id\":\"https:\\\/\\\/pericohoy.com.ar\\\/wp2\\\/index.php\\\/2026\\\/04\\\/28\\\/amenazas-en-escuelas-ya-hay-91-causas-y-30-menores-identificados-en-jujuy\\\/#primaryimage\",\"url\":\"https:\\\/\\\/pericohoy.com.ar\\\/wp2\\\/wp-content\\\/uploads\\\/2026\\\/04\\\/FB_IMG_1777347126503.jpg\",\"contentUrl\":\"https:\\\/\\\/pericohoy.com.ar\\\/wp2\\\/wp-content\\\/uploads\\\/2026\\\/04\\\/FB_IMG_1777347126503.jpg\",\"width\":432,\"height\":255},{\"@type\":\"BreadcrumbList\",\"@id\":\"https:\\\/\\\/pericohoy.com.ar\\\/wp2\\\/index.php\\\/2026\\\/04\\\/28\\\/amenazas-en-escuelas-ya-hay-91-causas-y-30-menores-identificados-en-jujuy\\\/#breadcrumb\",\"itemListElement\":[{\"@type\":\"ListItem\",\"position\":1,\"name\":\"Portada\",\"item\":\"https:\\\/\\\/pericohoy.com.ar\\\/wp2\\\/\"},{\"@type\":\"ListItem\",\"position\":2,\"name\":\"Amenazas en escuelas: ya hay 91 causas y 30 menores identificados en Jujuy\"}]},{\"@type\":\"WebSite\",\"@id\":\"https:\\\/\\\/pericohoy.com.ar\\\/wp2\\\/#website\",\"url\":\"https:\\\/\\\/pericohoy.com.ar\\\/wp2\\\/\",\"name\":\"Perico Hoy\",\"description\":\"Pagina de informaci\u00f3n\",\"publisher\":{\"@id\":\"https:\\\/\\\/pericohoy.com.ar\\\/wp2\\\/#organization\"},\"potentialAction\":[{\"@type\":\"SearchAction\",\"target\":{\"@type\":\"EntryPoint\",\"urlTemplate\":\"https:\\\/\\\/pericohoy.com.ar\\\/wp2\\\/?s={search_term_string}\"},\"query-input\":{\"@type\":\"PropertyValueSpecification\",\"valueRequired\":true,\"valueName\":\"search_term_string\"}}],\"inLanguage\":\"es\"},{\"@type\":\"Organization\",\"@id\":\"https:\\\/\\\/pericohoy.com.ar\\\/wp2\\\/#organization\",\"name\":\"Perico Hoy\",\"url\":\"https:\\\/\\\/pericohoy.com.ar\\\/wp2\\\/\",\"logo\":{\"@type\":\"ImageObject\",\"inLanguage\":\"es\",\"@id\":\"https:\\\/\\\/pericohoy.com.ar\\\/wp2\\\/#\\\/schema\\\/logo\\\/image\\\/\",\"url\":\"https:\\\/\\\/pericohoy.com.ar\\\/wp2\\\/wp-content\\\/uploads\\\/2024\\\/09\\\/cropped-Perico-Hoy-logo-150.png\",\"contentUrl\":\"https:\\\/\\\/pericohoy.com.ar\\\/wp2\\\/wp-content\\\/uploads\\\/2024\\\/09\\\/cropped-Perico-Hoy-logo-150.png\",\"width\":150,\"height\":146,\"caption\":\"Perico Hoy\"},\"image\":{\"@id\":\"https:\\\/\\\/pericohoy.com.ar\\\/wp2\\\/#\\\/schema\\\/logo\\\/image\\\/\"},\"sameAs\":[\"https:\\\/\\\/www.facebook.com\\\/skyfm106.1\"]},{\"@type\":\"Person\",\"@id\":\"https:\\\/\\\/pericohoy.com.ar\\\/wp2\\\/#\\\/schema\\\/person\\\/64faae7188964b2948da6c16625567ac\",\"name\":\"Editorial PericoHoy\",\"image\":{\"@type\":\"ImageObject\",\"inLanguage\":\"es\",\"@id\":\"https:\\\/\\\/secure.gravatar.com\\\/avatar\\\/21f9271d86aea20a0e6602dc52afea816041da20eadc13112c66556ad5f12df2?s=96&d=mm&r=g\",\"url\":\"https:\\\/\\\/secure.gravatar.com\\\/avatar\\\/21f9271d86aea20a0e6602dc52afea816041da20eadc13112c66556ad5f12df2?s=96&d=mm&r=g\",\"contentUrl\":\"https:\\\/\\\/secure.gravatar.com\\\/avatar\\\/21f9271d86aea20a0e6602dc52afea816041da20eadc13112c66556ad5f12df2?s=96&d=mm&r=g\",\"caption\":\"Editorial PericoHoy\"},\"url\":\"https:\\\/\\\/pericohoy.com.ar\\\/wp2\\\/index.php\\\/author\\\/editorial\\\/\"}]}<\/script>\n<!-- \/ Yoast SEO plugin. -->","yoast_head_json":{"title":"Amenazas en escuelas: ya hay 91 causas y 30 menores identificados en Jujuy - Perico Hoy","robots":{"index":"index","follow":"follow","max-snippet":"max-snippet:-1","max-image-preview":"max-image-preview:large","max-video-preview":"max-video-preview:-1"},"canonical":"https:\/\/pericohoy.com.ar\/wp2\/index.php\/2026\/04\/28\/amenazas-en-escuelas-ya-hay-91-causas-y-30-menores-identificados-en-jujuy\/","og_locale":"es_ES","og_type":"article","og_title":"Amenazas en escuelas: ya hay 91 causas y 30 menores identificados en Jujuy - Perico Hoy","og_description":"Hubo allanamientos, secuestro de celulares y audiencias imputativas en puerta. El secretario de Comunicaci\u00f3n, Alberto Siufi, dijo que no se trata de \u00abuna travesura, es un tema grave\u201d. Hubo allanamientos, secuestro de celulares y audiencias imputativas en puerta. El secretario de Comunicaci\u00f3n, Alberto Siufi, dijo que no se trata de \u00abuna travesura, es un tema [&hellip;]","og_url":"https:\/\/pericohoy.com.ar\/wp2\/index.php\/2026\/04\/28\/amenazas-en-escuelas-ya-hay-91-causas-y-30-menores-identificados-en-jujuy\/","og_site_name":"Perico Hoy","article_publisher":"https:\/\/www.facebook.com\/skyfm106.1","article_published_time":"2026-04-28T03:35:08+00:00","article_modified_time":"2026-04-28T03:35:09+00:00","og_image":[{"width":432,"height":255,"url":"http:\/\/pericohoy.com.ar\/wp2\/wp-content\/uploads\/2026\/04\/FB_IMG_1777347126503.jpg","type":"image\/jpeg"}],"author":"Editorial PericoHoy","twitter_card":"summary_large_image","twitter_misc":{"Escrito por":"Editorial PericoHoy","Tiempo de lectura":"2 minutos"},"schema":{"@context":"https:\/\/schema.org","@graph":[{"@type":"Article","@id":"https:\/\/pericohoy.com.ar\/wp2\/index.php\/2026\/04\/28\/amenazas-en-escuelas-ya-hay-91-causas-y-30-menores-identificados-en-jujuy\/#article","isPartOf":{"@id":"https:\/\/pericohoy.com.ar\/wp2\/index.php\/2026\/04\/28\/amenazas-en-escuelas-ya-hay-91-causas-y-30-menores-identificados-en-jujuy\/"},"author":{"name":"Editorial PericoHoy","@id":"https:\/\/pericohoy.com.ar\/wp2\/#\/schema\/person\/64faae7188964b2948da6c16625567ac"},"headline":"Amenazas en escuelas: ya hay 91 causas y 30 menores identificados en Jujuy","datePublished":"2026-04-28T03:35:08+00:00","dateModified":"2026-04-28T03:35:09+00:00","mainEntityOfPage":{"@id":"https:\/\/pericohoy.com.ar\/wp2\/index.php\/2026\/04\/28\/amenazas-en-escuelas-ya-hay-91-causas-y-30-menores-identificados-en-jujuy\/"},"wordCount":216,"publisher":{"@id":"https:\/\/pericohoy.com.ar\/wp2\/#organization"},"image":{"@id":"https:\/\/pericohoy.com.ar\/wp2\/index.php\/2026\/04\/28\/amenazas-en-escuelas-ya-hay-91-causas-y-30-menores-identificados-en-jujuy\/#primaryimage"},"thumbnailUrl":"https:\/\/pericohoy.com.ar\/wp2\/wp-content\/uploads\/2026\/04\/FB_IMG_1777347126503.jpg","inLanguage":"es"},{"@type":"WebPage","@id":"https:\/\/pericohoy.com.ar\/wp2\/index.php\/2026\/04\/28\/amenazas-en-escuelas-ya-hay-91-causas-y-30-menores-identificados-en-jujuy\/","url":"https:\/\/pericohoy.com.ar\/wp2\/index.php\/2026\/04\/28\/amenazas-en-escuelas-ya-hay-91-causas-y-30-menores-identificados-en-jujuy\/","name":"Amenazas en escuelas: ya hay 91 causas y 30 menores identificados en Jujuy - Perico Hoy","isPartOf":{"@id":"https:\/\/pericohoy.com.ar\/wp2\/#website"},"primaryImageOfPage":{"@id":"https:\/\/pericohoy.com.ar\/wp2\/index.php\/2026\/04\/28\/amenazas-en-escuelas-ya-hay-91-causas-y-30-menores-identificados-en-jujuy\/#primaryimage"},"image":{"@id":"https:\/\/pericohoy.com.ar\/wp2\/index.php\/2026\/04\/28\/amenazas-en-escuelas-ya-hay-91-causas-y-30-menores-identificados-en-jujuy\/#primaryimage"},"thumbnailUrl":"https:\/\/pericohoy.com.ar\/wp2\/wp-content\/uploads\/2026\/04\/FB_IMG_1777347126503.jpg","datePublished":"2026-04-28T03:35:08+00:00","dateModified":"2026-04-28T03:35:09+00:00","breadcrumb":{"@id":"https:\/\/pericohoy.com.ar\/wp2\/index.php\/2026\/04\/28\/amenazas-en-escuelas-ya-hay-91-causas-y-30-menores-identificados-en-jujuy\/#breadcrumb"},"inLanguage":"es","potentialAction":[{"@type":"ReadAction","target":["https:\/\/pericohoy.com.ar\/wp2\/index.php\/2026\/04\/28\/amenazas-en-escuelas-ya-hay-91-causas-y-30-menores-identificados-en-jujuy\/"]}]},{"@type":"ImageObject","inLanguage":"es","@id":"https:\/\/pericohoy.com.ar\/wp2\/index.php\/2026\/04\/28\/amenazas-en-escuelas-ya-hay-91-causas-y-30-menores-identificados-en-jujuy\/#primaryimage","url":"https:\/\/pericohoy.com.ar\/wp2\/wp-content\/uploads\/2026\/04\/FB_IMG_1777347126503.jpg","contentUrl":"https:\/\/pericohoy.com.ar\/wp2\/wp-content\/uploads\/2026\/04\/FB_IMG_1777347126503.jpg","width":432,"height":255},{"@type":"BreadcrumbList","@id":"https:\/\/pericohoy.com.ar\/wp2\/index.php\/2026\/04\/28\/amenazas-en-escuelas-ya-hay-91-causas-y-30-menores-identificados-en-jujuy\/#breadcrumb","itemListElement":[{"@type":"ListItem","position":1,"name":"Portada","item":"https:\/\/pericohoy.com.ar\/wp2\/"},{"@type":"ListItem","position":2,"name":"Amenazas en escuelas: ya hay 91 causas y 30 menores identificados en Jujuy"}]},{"@type":"WebSite","@id":"https:\/\/pericohoy.com.ar\/wp2\/#website","url":"https:\/\/pericohoy.com.ar\/wp2\/","name":"Perico Hoy","description":"Pagina de informaci\u00f3n","publisher":{"@id":"https:\/\/pericohoy.com.ar\/wp2\/#organization"},"potentialAction":[{"@type":"SearchAction","target":{"@type":"EntryPoint","urlTemplate":"https:\/\/pericohoy.com.ar\/wp2\/?s={search_term_string}"},"query-input":{"@type":"PropertyValueSpecification","valueRequired":true,"valueName":"search_term_string"}}],"inLanguage":"es"},{"@type":"Organization","@id":"https:\/\/pericohoy.com.ar\/wp2\/#organization","name":"Perico Hoy","url":"https:\/\/pericohoy.com.ar\/wp2\/","logo":{"@type":"ImageObject","inLanguage":"es","@id":"https:\/\/pericohoy.com.ar\/wp2\/#\/schema\/logo\/image\/","url":"https:\/\/pericohoy.com.ar\/wp2\/wp-content\/uploads\/2024\/09\/cropped-Perico-Hoy-logo-150.png","contentUrl":"https:\/\/pericohoy.com.ar\/wp2\/wp-content\/uploads\/2024\/09\/cropped-Perico-Hoy-logo-150.png","width":150,"height":146,"caption":"Perico Hoy"},"image":{"@id":"https:\/\/pericohoy.com.ar\/wp2\/#\/schema\/logo\/image\/"},"sameAs":["https:\/\/www.facebook.com\/skyfm106.1"]},{"@type":"Person","@id":"https:\/\/pericohoy.com.ar\/wp2\/#\/schema\/person\/64faae7188964b2948da6c16625567ac","name":"Editorial PericoHoy","image":{"@type":"ImageObject","inLanguage":"es","@id":"https:\/\/secure.gravatar.com\/avatar\/21f9271d86aea20a0e6602dc52afea816041da20eadc13112c66556ad5f12df2?s=96&d=mm&r=g","url":"https:\/\/secure.gravatar.com\/avatar\/21f9271d86aea20a0e6602dc52afea816041da20eadc13112c66556ad5f12df2?s=96&d=mm&r=g","contentUrl":"https:\/\/secure.gravatar.com\/avatar\/21f9271d86aea20a0e6602dc52afea816041da20eadc13112c66556ad5f12df2?s=96&d=mm&r=g","caption":"Editorial PericoHoy"},"url":"https:\/\/pericohoy.com.ar\/wp2\/index.php\/author\/editorial\/"}]}},"_links":{"self":[{"href":"https:\/\/pericohoy.com.ar\/wp2\/index.php\/wp-json\/wp\/v2\/posts\/3449","targetHints":{"allow":["GET"]}}],"collection":[{"href":"https:\/\/pericohoy.com.ar\/wp2\/index.php\/wp-json\/wp\/v2\/posts"}],"about":[{"href":"https:\/\/pericohoy.com.ar\/wp2\/index.php\/wp-json\/wp\/v2\/types\/post"}],"author":[{"embeddable":true,"href":"https:\/\/pericohoy.com.ar\/wp2\/index.php\/wp-json\/wp\/v2\/users\/3"}],"replies":[{"embeddable":true,"href":"https:\/\/pericohoy.com.ar\/wp2\/index.php\/wp-json\/wp\/v2\/comments?post=3449"}],"version-history":[{"count":1,"href":"https:\/\/pericohoy.com.ar\/wp2\/index.php\/wp-json\/wp\/v2\/posts\/3449\/revisions"}],"predecessor-version":[{"id":3451,"href":"https:\/\/pericohoy.com.ar\/wp2\/index.php\/wp-json\/wp\/v2\/posts\/3449\/revisions\/3451"}],"wp:featuredmedia":[{"embeddable":true,"href":"https:\/\/pericohoy.com.ar\/wp2\/index.php\/wp-json\/wp\/v2\/media\/3450"}],"wp:attachment":[{"href":"https:\/\/pericohoy.com.ar\/wp2\/index.php\/wp-json\/wp\/v2\/media?parent=3449"}],"wp:term":[{"taxonomy":"category","embeddable":true,"href":"https:\/\/pericohoy.com.ar\/wp2\/index.php\/wp-json\/wp\/v2\/categories?post=3449"},{"taxonomy":"post_tag","embeddable":true,"href":"https:\/\/pericohoy.com.ar\/wp2\/index.php\/wp-json\/wp\/v2\/tags?post=3449"}],"curies":[{"name":"wp","href":"https:\/\/api.w.org\/{rel}","templated":true}]}}