{"id":3446,"date":"2026-04-27T18:04:06","date_gmt":"2026-04-27T21:04:06","guid":{"rendered":"https:\/\/pericohoy.com.ar\/wp2\/?p=3446"},"modified":"2026-04-27T18:04:06","modified_gmt":"2026-04-27T21:04:06","slug":"rutas-acuerdo-entre-nacion-y-provincia-para-obras","status":"publish","type":"post","link":"https:\/\/pericohoy.com.ar\/wp2\/index.php\/2026\/04\/27\/rutas-acuerdo-entre-nacion-y-provincia-para-obras\/","title":{"rendered":"Rutas: acuerdo entre Naci\u00f3n y Provincia para obras"},"content":{"rendered":"\n<p> Ante la falta de inversi\u00f3n nacional, se firm\u00f3 un convenio para intervenir tramos clave con trabajos de bacheo y repavimentaci\u00f3n.<\/p>\n\n\n\n<p>El gobierno de Jujuy firm\u00f3 un convenio con Vialidad Nacional para avanzar en obras paliativas en rutas clave como la 9, 34 y 66.<\/p>\n\n\n\n<p>Las tareas incluyen bacheo, repavimentaci\u00f3n y mejoras en infraestructura vial. La provincia aportar\u00e1 materiales y Naci\u00f3n ejecutar\u00e1 trabajos.<\/p>\n\n\n\n<p>\u201cLos pr\u00f3ximos a\u00f1os no habr\u00e1 grandes obras, por eso cada provincia se arregla como puede\u201d, explic\u00f3 Alberto Siufi.<\/p>\n\n\n\n<p>Viviendas<\/p>\n\n\n\n<p>Adem\u00e1s, el vocero destac\u00f3 la construcci\u00f3n de 506 viviendas y convoc\u00f3 a gremios y privados a sumarse a nuevos proyectos.<\/p>\n\n\n\n<p>El esquema incluye acuerdos con gremios y entidades para ampliar la construcci\u00f3n y generar acceso a la vivienda.<\/p>\n\n\n\n<p>\u201cNunca tuvimos este nivel de obra en los \u00faltimos a\u00f1os\u201d, asegur\u00f3 Alberto Siufi, quien adem\u00e1s llam\u00f3 a fortalecer la participaci\u00f3n p\u00fablico-privada.<\/p>\n\n\n<figure class=\"wp-block-post-featured-image\"><img loading=\"lazy\" decoding=\"async\" width=\"432\" height=\"256\" src=\"https:\/\/pericohoy.com.ar\/wp2\/wp-content\/uploads\/2026\/04\/FB_IMG_1777323693028.jpg\" class=\"attachment-post-thumbnail size-post-thumbnail wp-post-image\" alt=\"\" style=\"object-fit:cover;\" srcset=\"https:\/\/pericohoy.com.ar\/wp2\/wp-content\/uploads\/2026\/04\/FB_IMG_1777323693028.jpg 432w, https:\/\/pericohoy.com.ar\/wp2\/wp-content\/uploads\/2026\/04\/FB_IMG_1777323693028-300x178.jpg 300w\" sizes=\"auto, (max-width: 432px) 100vw, 432px\" \/><\/figure>","protected":false},"excerpt":{"rendered":"<p>Ante la falta de inversi\u00f3n nacional, se firm\u00f3 un convenio para intervenir tramos clave con trabajos de bacheo y repavimentaci\u00f3n. El gobierno de Jujuy firm\u00f3 un convenio con Vialidad Nacional para avanzar en obras paliativas en rutas clave como la 9, 34 y 66. Las tareas incluyen bacheo, repavimentaci\u00f3n y mejoras en infraestructura vial. La [&hellip;]<\/p>\n","protected":false},"author":3,"featured_media":3447,"comment_status":"closed","ping_status":"closed","sticky":false,"template":"","format":"standard","meta":{"footnotes":""},"categories":[1],"tags":[],"class_list":["post-3446","post","type-post","status-publish","format-standard","has-post-thumbnail","hentry","category-sin-categoria"],"yoast_head":"<!-- This site is optimized with the Yoast SEO plugin v27.4 - https:\/\/yoast.com\/product\/yoast-seo-wordpress\/ -->\n<title>Rutas: acuerdo entre Naci\u00f3n y Provincia para obras - Perico Hoy<\/title>\n<meta name=\"robots\" content=\"index, follow, max-snippet:-1, max-image-preview:large, max-video-preview:-1\" \/>\n<link rel=\"canonical\" href=\"https:\/\/pericohoy.com.ar\/wp2\/index.php\/2026\/04\/27\/rutas-acuerdo-entre-nacion-y-provincia-para-obras\/\" \/>\n<meta property=\"og:locale\" content=\"es_ES\" \/>\n<meta property=\"og:type\" content=\"article\" \/>\n<meta property=\"og:title\" content=\"Rutas: acuerdo entre Naci\u00f3n y Provincia para obras - Perico Hoy\" \/>\n<meta property=\"og:description\" content=\"Ante la falta de inversi\u00f3n nacional, se firm\u00f3 un convenio para intervenir tramos clave con trabajos de bacheo y repavimentaci\u00f3n. El gobierno de Jujuy firm\u00f3 un convenio con Vialidad Nacional para avanzar en obras paliativas en rutas clave como la 9, 34 y 66. Las tareas incluyen bacheo, repavimentaci\u00f3n y mejoras en infraestructura vial. La [&hellip;]\" \/>\n<meta property=\"og:url\" content=\"https:\/\/pericohoy.com.ar\/wp2\/index.php\/2026\/04\/27\/rutas-acuerdo-entre-nacion-y-provincia-para-obras\/\" \/>\n<meta property=\"og:site_name\" content=\"Perico Hoy\" \/>\n<meta property=\"article:publisher\" content=\"https:\/\/www.facebook.com\/skyfm106.1\" \/>\n<meta property=\"article:published_time\" content=\"2026-04-27T21:04:06+00:00\" \/>\n<meta property=\"og:image\" content=\"http:\/\/pericohoy.com.ar\/wp2\/wp-content\/uploads\/2026\/04\/FB_IMG_1777323693028.jpg\" \/>\n\t<meta property=\"og:image:width\" content=\"432\" \/>\n\t<meta property=\"og:image:height\" content=\"256\" \/>\n\t<meta property=\"og:image:type\" content=\"image\/jpeg\" \/>\n<meta name=\"author\" content=\"Editorial PericoHoy\" \/>\n<meta name=\"twitter:card\" content=\"summary_large_image\" \/>\n<meta name=\"twitter:label1\" content=\"Escrito por\" \/>\n\t<meta name=\"twitter:data1\" content=\"Editorial PericoHoy\" \/>\n\t<meta name=\"twitter:label2\" content=\"Tiempo de lectura\" \/>\n\t<meta name=\"twitter:data2\" content=\"1 minuto\" \/>\n<script type=\"application\/ld+json\" class=\"yoast-schema-graph\">{\"@context\":\"https:\\\/\\\/schema.org\",\"@graph\":[{\"@type\":\"Article\",\"@id\":\"https:\\\/\\\/pericohoy.com.ar\\\/wp2\\\/index.php\\\/2026\\\/04\\\/27\\\/rutas-acuerdo-entre-nacion-y-provincia-para-obras\\\/#article\",\"isPartOf\":{\"@id\":\"https:\\\/\\\/pericohoy.com.ar\\\/wp2\\\/index.php\\\/2026\\\/04\\\/27\\\/rutas-acuerdo-entre-nacion-y-provincia-para-obras\\\/\"},\"author\":{\"name\":\"Editorial PericoHoy\",\"@id\":\"https:\\\/\\\/pericohoy.com.ar\\\/wp2\\\/#\\\/schema\\\/person\\\/64faae7188964b2948da6c16625567ac\"},\"headline\":\"Rutas: acuerdo entre Naci\u00f3n y Provincia para obras\",\"datePublished\":\"2026-04-27T21:04:06+00:00\",\"mainEntityOfPage\":{\"@id\":\"https:\\\/\\\/pericohoy.com.ar\\\/wp2\\\/index.php\\\/2026\\\/04\\\/27\\\/rutas-acuerdo-entre-nacion-y-provincia-para-obras\\\/\"},\"wordCount\":158,\"publisher\":{\"@id\":\"https:\\\/\\\/pericohoy.com.ar\\\/wp2\\\/#organization\"},\"image\":{\"@id\":\"https:\\\/\\\/pericohoy.com.ar\\\/wp2\\\/index.php\\\/2026\\\/04\\\/27\\\/rutas-acuerdo-entre-nacion-y-provincia-para-obras\\\/#primaryimage\"},\"thumbnailUrl\":\"https:\\\/\\\/pericohoy.com.ar\\\/wp2\\\/wp-content\\\/uploads\\\/2026\\\/04\\\/FB_IMG_1777323693028.jpg\",\"inLanguage\":\"es\"},{\"@type\":\"WebPage\",\"@id\":\"https:\\\/\\\/pericohoy.com.ar\\\/wp2\\\/index.php\\\/2026\\\/04\\\/27\\\/rutas-acuerdo-entre-nacion-y-provincia-para-obras\\\/\",\"url\":\"https:\\\/\\\/pericohoy.com.ar\\\/wp2\\\/index.php\\\/2026\\\/04\\\/27\\\/rutas-acuerdo-entre-nacion-y-provincia-para-obras\\\/\",\"name\":\"Rutas: acuerdo entre Naci\u00f3n y Provincia para obras - Perico Hoy\",\"isPartOf\":{\"@id\":\"https:\\\/\\\/pericohoy.com.ar\\\/wp2\\\/#website\"},\"primaryImageOfPage\":{\"@id\":\"https:\\\/\\\/pericohoy.com.ar\\\/wp2\\\/index.php\\\/2026\\\/04\\\/27\\\/rutas-acuerdo-entre-nacion-y-provincia-para-obras\\\/#primaryimage\"},\"image\":{\"@id\":\"https:\\\/\\\/pericohoy.com.ar\\\/wp2\\\/index.php\\\/2026\\\/04\\\/27\\\/rutas-acuerdo-entre-nacion-y-provincia-para-obras\\\/#primaryimage\"},\"thumbnailUrl\":\"https:\\\/\\\/pericohoy.com.ar\\\/wp2\\\/wp-content\\\/uploads\\\/2026\\\/04\\\/FB_IMG_1777323693028.jpg\",\"datePublished\":\"2026-04-27T21:04:06+00:00\",\"breadcrumb\":{\"@id\":\"https:\\\/\\\/pericohoy.com.ar\\\/wp2\\\/index.php\\\/2026\\\/04\\\/27\\\/rutas-acuerdo-entre-nacion-y-provincia-para-obras\\\/#breadcrumb\"},\"inLanguage\":\"es\",\"potentialAction\":[{\"@type\":\"ReadAction\",\"target\":[\"https:\\\/\\\/pericohoy.com.ar\\\/wp2\\\/index.php\\\/2026\\\/04\\\/27\\\/rutas-acuerdo-entre-nacion-y-provincia-para-obras\\\/\"]}]},{\"@type\":\"ImageObject\",\"inLanguage\":\"es\",\"@id\":\"https:\\\/\\\/pericohoy.com.ar\\\/wp2\\\/index.php\\\/2026\\\/04\\\/27\\\/rutas-acuerdo-entre-nacion-y-provincia-para-obras\\\/#primaryimage\",\"url\":\"https:\\\/\\\/pericohoy.com.ar\\\/wp2\\\/wp-content\\\/uploads\\\/2026\\\/04\\\/FB_IMG_1777323693028.jpg\",\"contentUrl\":\"https:\\\/\\\/pericohoy.com.ar\\\/wp2\\\/wp-content\\\/uploads\\\/2026\\\/04\\\/FB_IMG_1777323693028.jpg\",\"width\":432,\"height\":256},{\"@type\":\"BreadcrumbList\",\"@id\":\"https:\\\/\\\/pericohoy.com.ar\\\/wp2\\\/index.php\\\/2026\\\/04\\\/27\\\/rutas-acuerdo-entre-nacion-y-provincia-para-obras\\\/#breadcrumb\",\"itemListElement\":[{\"@type\":\"ListItem\",\"position\":1,\"name\":\"Portada\",\"item\":\"https:\\\/\\\/pericohoy.com.ar\\\/wp2\\\/\"},{\"@type\":\"ListItem\",\"position\":2,\"name\":\"Rutas: acuerdo entre Naci\u00f3n y Provincia para obras\"}]},{\"@type\":\"WebSite\",\"@id\":\"https:\\\/\\\/pericohoy.com.ar\\\/wp2\\\/#website\",\"url\":\"https:\\\/\\\/pericohoy.com.ar\\\/wp2\\\/\",\"name\":\"Perico Hoy\",\"description\":\"Pagina de informaci\u00f3n\",\"publisher\":{\"@id\":\"https:\\\/\\\/pericohoy.com.ar\\\/wp2\\\/#organization\"},\"potentialAction\":[{\"@type\":\"SearchAction\",\"target\":{\"@type\":\"EntryPoint\",\"urlTemplate\":\"https:\\\/\\\/pericohoy.com.ar\\\/wp2\\\/?s={search_term_string}\"},\"query-input\":{\"@type\":\"PropertyValueSpecification\",\"valueRequired\":true,\"valueName\":\"search_term_string\"}}],\"inLanguage\":\"es\"},{\"@type\":\"Organization\",\"@id\":\"https:\\\/\\\/pericohoy.com.ar\\\/wp2\\\/#organization\",\"name\":\"Perico Hoy\",\"url\":\"https:\\\/\\\/pericohoy.com.ar\\\/wp2\\\/\",\"logo\":{\"@type\":\"ImageObject\",\"inLanguage\":\"es\",\"@id\":\"https:\\\/\\\/pericohoy.com.ar\\\/wp2\\\/#\\\/schema\\\/logo\\\/image\\\/\",\"url\":\"https:\\\/\\\/pericohoy.com.ar\\\/wp2\\\/wp-content\\\/uploads\\\/2024\\\/09\\\/cropped-Perico-Hoy-logo-150.png\",\"contentUrl\":\"https:\\\/\\\/pericohoy.com.ar\\\/wp2\\\/wp-content\\\/uploads\\\/2024\\\/09\\\/cropped-Perico-Hoy-logo-150.png\",\"width\":150,\"height\":146,\"caption\":\"Perico Hoy\"},\"image\":{\"@id\":\"https:\\\/\\\/pericohoy.com.ar\\\/wp2\\\/#\\\/schema\\\/logo\\\/image\\\/\"},\"sameAs\":[\"https:\\\/\\\/www.facebook.com\\\/skyfm106.1\"]},{\"@type\":\"Person\",\"@id\":\"https:\\\/\\\/pericohoy.com.ar\\\/wp2\\\/#\\\/schema\\\/person\\\/64faae7188964b2948da6c16625567ac\",\"name\":\"Editorial PericoHoy\",\"image\":{\"@type\":\"ImageObject\",\"inLanguage\":\"es\",\"@id\":\"https:\\\/\\\/secure.gravatar.com\\\/avatar\\\/21f9271d86aea20a0e6602dc52afea816041da20eadc13112c66556ad5f12df2?s=96&d=mm&r=g\",\"url\":\"https:\\\/\\\/secure.gravatar.com\\\/avatar\\\/21f9271d86aea20a0e6602dc52afea816041da20eadc13112c66556ad5f12df2?s=96&d=mm&r=g\",\"contentUrl\":\"https:\\\/\\\/secure.gravatar.com\\\/avatar\\\/21f9271d86aea20a0e6602dc52afea816041da20eadc13112c66556ad5f12df2?s=96&d=mm&r=g\",\"caption\":\"Editorial PericoHoy\"},\"url\":\"https:\\\/\\\/pericohoy.com.ar\\\/wp2\\\/index.php\\\/author\\\/editorial\\\/\"}]}<\/script>\n<!-- \/ Yoast SEO plugin. -->","yoast_head_json":{"title":"Rutas: acuerdo entre Naci\u00f3n y Provincia para obras - Perico Hoy","robots":{"index":"index","follow":"follow","max-snippet":"max-snippet:-1","max-image-preview":"max-image-preview:large","max-video-preview":"max-video-preview:-1"},"canonical":"https:\/\/pericohoy.com.ar\/wp2\/index.php\/2026\/04\/27\/rutas-acuerdo-entre-nacion-y-provincia-para-obras\/","og_locale":"es_ES","og_type":"article","og_title":"Rutas: acuerdo entre Naci\u00f3n y Provincia para obras - Perico Hoy","og_description":"Ante la falta de inversi\u00f3n nacional, se firm\u00f3 un convenio para intervenir tramos clave con trabajos de bacheo y repavimentaci\u00f3n. El gobierno de Jujuy firm\u00f3 un convenio con Vialidad Nacional para avanzar en obras paliativas en rutas clave como la 9, 34 y 66. Las tareas incluyen bacheo, repavimentaci\u00f3n y mejoras en infraestructura vial. La [&hellip;]","og_url":"https:\/\/pericohoy.com.ar\/wp2\/index.php\/2026\/04\/27\/rutas-acuerdo-entre-nacion-y-provincia-para-obras\/","og_site_name":"Perico Hoy","article_publisher":"https:\/\/www.facebook.com\/skyfm106.1","article_published_time":"2026-04-27T21:04:06+00:00","og_image":[{"width":432,"height":256,"url":"http:\/\/pericohoy.com.ar\/wp2\/wp-content\/uploads\/2026\/04\/FB_IMG_1777323693028.jpg","type":"image\/jpeg"}],"author":"Editorial PericoHoy","twitter_card":"summary_large_image","twitter_misc":{"Escrito por":"Editorial PericoHoy","Tiempo de lectura":"1 minuto"},"schema":{"@context":"https:\/\/schema.org","@graph":[{"@type":"Article","@id":"https:\/\/pericohoy.com.ar\/wp2\/index.php\/2026\/04\/27\/rutas-acuerdo-entre-nacion-y-provincia-para-obras\/#article","isPartOf":{"@id":"https:\/\/pericohoy.com.ar\/wp2\/index.php\/2026\/04\/27\/rutas-acuerdo-entre-nacion-y-provincia-para-obras\/"},"author":{"name":"Editorial PericoHoy","@id":"https:\/\/pericohoy.com.ar\/wp2\/#\/schema\/person\/64faae7188964b2948da6c16625567ac"},"headline":"Rutas: acuerdo entre Naci\u00f3n y Provincia para obras","datePublished":"2026-04-27T21:04:06+00:00","mainEntityOfPage":{"@id":"https:\/\/pericohoy.com.ar\/wp2\/index.php\/2026\/04\/27\/rutas-acuerdo-entre-nacion-y-provincia-para-obras\/"},"wordCount":158,"publisher":{"@id":"https:\/\/pericohoy.com.ar\/wp2\/#organization"},"image":{"@id":"https:\/\/pericohoy.com.ar\/wp2\/index.php\/2026\/04\/27\/rutas-acuerdo-entre-nacion-y-provincia-para-obras\/#primaryimage"},"thumbnailUrl":"https:\/\/pericohoy.com.ar\/wp2\/wp-content\/uploads\/2026\/04\/FB_IMG_1777323693028.jpg","inLanguage":"es"},{"@type":"WebPage","@id":"https:\/\/pericohoy.com.ar\/wp2\/index.php\/2026\/04\/27\/rutas-acuerdo-entre-nacion-y-provincia-para-obras\/","url":"https:\/\/pericohoy.com.ar\/wp2\/index.php\/2026\/04\/27\/rutas-acuerdo-entre-nacion-y-provincia-para-obras\/","name":"Rutas: acuerdo entre Naci\u00f3n y Provincia para obras - Perico Hoy","isPartOf":{"@id":"https:\/\/pericohoy.com.ar\/wp2\/#website"},"primaryImageOfPage":{"@id":"https:\/\/pericohoy.com.ar\/wp2\/index.php\/2026\/04\/27\/rutas-acuerdo-entre-nacion-y-provincia-para-obras\/#primaryimage"},"image":{"@id":"https:\/\/pericohoy.com.ar\/wp2\/index.php\/2026\/04\/27\/rutas-acuerdo-entre-nacion-y-provincia-para-obras\/#primaryimage"},"thumbnailUrl":"https:\/\/pericohoy.com.ar\/wp2\/wp-content\/uploads\/2026\/04\/FB_IMG_1777323693028.jpg","datePublished":"2026-04-27T21:04:06+00:00","breadcrumb":{"@id":"https:\/\/pericohoy.com.ar\/wp2\/index.php\/2026\/04\/27\/rutas-acuerdo-entre-nacion-y-provincia-para-obras\/#breadcrumb"},"inLanguage":"es","potentialAction":[{"@type":"ReadAction","target":["https:\/\/pericohoy.com.ar\/wp2\/index.php\/2026\/04\/27\/rutas-acuerdo-entre-nacion-y-provincia-para-obras\/"]}]},{"@type":"ImageObject","inLanguage":"es","@id":"https:\/\/pericohoy.com.ar\/wp2\/index.php\/2026\/04\/27\/rutas-acuerdo-entre-nacion-y-provincia-para-obras\/#primaryimage","url":"https:\/\/pericohoy.com.ar\/wp2\/wp-content\/uploads\/2026\/04\/FB_IMG_1777323693028.jpg","contentUrl":"https:\/\/pericohoy.com.ar\/wp2\/wp-content\/uploads\/2026\/04\/FB_IMG_1777323693028.jpg","width":432,"height":256},{"@type":"BreadcrumbList","@id":"https:\/\/pericohoy.com.ar\/wp2\/index.php\/2026\/04\/27\/rutas-acuerdo-entre-nacion-y-provincia-para-obras\/#breadcrumb","itemListElement":[{"@type":"ListItem","position":1,"name":"Portada","item":"https:\/\/pericohoy.com.ar\/wp2\/"},{"@type":"ListItem","position":2,"name":"Rutas: acuerdo entre Naci\u00f3n y Provincia para obras"}]},{"@type":"WebSite","@id":"https:\/\/pericohoy.com.ar\/wp2\/#website","url":"https:\/\/pericohoy.com.ar\/wp2\/","name":"Perico Hoy","description":"Pagina de informaci\u00f3n","publisher":{"@id":"https:\/\/pericohoy.com.ar\/wp2\/#organization"},"potentialAction":[{"@type":"SearchAction","target":{"@type":"EntryPoint","urlTemplate":"https:\/\/pericohoy.com.ar\/wp2\/?s={search_term_string}"},"query-input":{"@type":"PropertyValueSpecification","valueRequired":true,"valueName":"search_term_string"}}],"inLanguage":"es"},{"@type":"Organization","@id":"https:\/\/pericohoy.com.ar\/wp2\/#organization","name":"Perico Hoy","url":"https:\/\/pericohoy.com.ar\/wp2\/","logo":{"@type":"ImageObject","inLanguage":"es","@id":"https:\/\/pericohoy.com.ar\/wp2\/#\/schema\/logo\/image\/","url":"https:\/\/pericohoy.com.ar\/wp2\/wp-content\/uploads\/2024\/09\/cropped-Perico-Hoy-logo-150.png","contentUrl":"https:\/\/pericohoy.com.ar\/wp2\/wp-content\/uploads\/2024\/09\/cropped-Perico-Hoy-logo-150.png","width":150,"height":146,"caption":"Perico Hoy"},"image":{"@id":"https:\/\/pericohoy.com.ar\/wp2\/#\/schema\/logo\/image\/"},"sameAs":["https:\/\/www.facebook.com\/skyfm106.1"]},{"@type":"Person","@id":"https:\/\/pericohoy.com.ar\/wp2\/#\/schema\/person\/64faae7188964b2948da6c16625567ac","name":"Editorial PericoHoy","image":{"@type":"ImageObject","inLanguage":"es","@id":"https:\/\/secure.gravatar.com\/avatar\/21f9271d86aea20a0e6602dc52afea816041da20eadc13112c66556ad5f12df2?s=96&d=mm&r=g","url":"https:\/\/secure.gravatar.com\/avatar\/21f9271d86aea20a0e6602dc52afea816041da20eadc13112c66556ad5f12df2?s=96&d=mm&r=g","contentUrl":"https:\/\/secure.gravatar.com\/avatar\/21f9271d86aea20a0e6602dc52afea816041da20eadc13112c66556ad5f12df2?s=96&d=mm&r=g","caption":"Editorial PericoHoy"},"url":"https:\/\/pericohoy.com.ar\/wp2\/index.php\/author\/editorial\/"}]}},"_links":{"self":[{"href":"https:\/\/pericohoy.com.ar\/wp2\/index.php\/wp-json\/wp\/v2\/posts\/3446","targetHints":{"allow":["GET"]}}],"collection":[{"href":"https:\/\/pericohoy.com.ar\/wp2\/index.php\/wp-json\/wp\/v2\/posts"}],"about":[{"href":"https:\/\/pericohoy.com.ar\/wp2\/index.php\/wp-json\/wp\/v2\/types\/post"}],"author":[{"embeddable":true,"href":"https:\/\/pericohoy.com.ar\/wp2\/index.php\/wp-json\/wp\/v2\/users\/3"}],"replies":[{"embeddable":true,"href":"https:\/\/pericohoy.com.ar\/wp2\/index.php\/wp-json\/wp\/v2\/comments?post=3446"}],"version-history":[{"count":1,"href":"https:\/\/pericohoy.com.ar\/wp2\/index.php\/wp-json\/wp\/v2\/posts\/3446\/revisions"}],"predecessor-version":[{"id":3448,"href":"https:\/\/pericohoy.com.ar\/wp2\/index.php\/wp-json\/wp\/v2\/posts\/3446\/revisions\/3448"}],"wp:featuredmedia":[{"embeddable":true,"href":"https:\/\/pericohoy.com.ar\/wp2\/index.php\/wp-json\/wp\/v2\/media\/3447"}],"wp:attachment":[{"href":"https:\/\/pericohoy.com.ar\/wp2\/index.php\/wp-json\/wp\/v2\/media?parent=3446"}],"wp:term":[{"taxonomy":"category","embeddable":true,"href":"https:\/\/pericohoy.com.ar\/wp2\/index.php\/wp-json\/wp\/v2\/categories?post=3446"},{"taxonomy":"post_tag","embeddable":true,"href":"https:\/\/pericohoy.com.ar\/wp2\/index.php\/wp-json\/wp\/v2\/tags?post=3446"}],"curies":[{"name":"wp","href":"https:\/\/api.w.org\/{rel}","templated":true}]}}