{"id":3437,"date":"2026-04-25T11:28:49","date_gmt":"2026-04-25T14:28:49","guid":{"rendered":"https:\/\/pericohoy.com.ar\/wp2\/?p=3437"},"modified":"2026-04-25T11:28:50","modified_gmt":"2026-04-25T14:28:50","slug":"firman-convenio-para-refaccionar-la-escuela-de-comercio-y-anuncian-obras-en-otros-establecimientos","status":"publish","type":"post","link":"https:\/\/pericohoy.com.ar\/wp2\/index.php\/2026\/04\/25\/firman-convenio-para-refaccionar-la-escuela-de-comercio-y-anuncian-obras-en-otros-establecimientos\/","title":{"rendered":"Firman convenio para refaccionar la Escuela de Comercio y anuncian obras en otros establecimientos"},"content":{"rendered":"\n<p> La Municipalidad de Perico, el Ministerio de Educaci\u00f3n y la Escuela de Comercio firmaron un convenio para avanzar con la refacci\u00f3n del edificio, en el marco de un plan que incluye mejoras en varios establecimientos de la ciudad.<\/p>\n\n\n\n<p>El intendente Rolando Pascual Ficoseco destac\u00f3 el alcance de las obras y el impacto en el sistema educativo local. \u201cEs una muy buena noticia para el sector de educaci\u00f3n. Ya tuvimos intervenciones en otras escuelas y ahora le toca a esta instituci\u00f3n tan demandada\u201d, se\u00f1al\u00f3.<\/p>\n\n\n\n<p>El jefe comunal explic\u00f3 que los trabajos apuntan a resolver problemas estructurales y de mantenimiento. \u201cLa escuela va creciendo y aparecen deficiencias que se van a corregir para que el establecimiento quede otra vez impecable\u201d, afirm\u00f3 al periodista Marcos Huanca de SKY FM 106.1.<\/p>\n\n\n\n<p>Seg\u00fan detall\u00f3, las obras se enmarcan en un programa que permite financiar refacciones integrales. \u201cA trav\u00e9s de este programa se van refaccionando las escuelas para que, con el paso del tiempo y el desgaste, vuelvan a estar en condiciones\u201d, indic\u00f3.<\/p>\n\n\n\n<p>Durante la presentaci\u00f3n, se explic\u00f3 que esta etapa corresponde a la socializaci\u00f3n del proyecto con la comunidad educativa.\u201cEste es el primer paso, mostrar lo que se va a hacer, que lo conozcan directivos, docentes y alumnos\u201d, remarcaron.<\/p>\n\n\n\n<p>Adem\u00e1s de las mejoras internas, el municipio deber\u00e1 intervenir en el entorno del establecimiento.\u201cTambi\u00e9n vamos a trabajar en la parte externa: iluminaci\u00f3n, veredas y corredores seguros para que los chicos lleguen tranquilos\u201d, precis\u00f3 Ficoseco.<\/p>\n\n\n\n<p>El intendente adelant\u00f3 que el plan contempla m\u00e1s instituciones: \u201ceste a\u00f1o nos quedan cuatro establecimientos m\u00e1s para intervenir y a\u00f1o tras a\u00f1o iremos sumando otras escuelas\u201d.<\/p>\n\n\n\n<p>Consultado por la situaci\u00f3n econ\u00f3mica, Ficoseco reconoci\u00f3 una ca\u00edda en la actividad local. \u201cEl consumo ha disminuido totalmente. No alcanza el dinero para cubrir todas las necesidades de una familia\u201d, sostuvo.<\/p>\n\n\n\n<p>Tambi\u00e9n mencion\u00f3 dificultades en sectores clave de la econom\u00eda regional: \u201clas ventas han bajado, hay locales vac\u00edos y el sector tabacalero todav\u00eda tiene producci\u00f3n sin colocar\u201d, explic\u00f3.<\/p>\n\n\n\n<p>En ese marco, remarc\u00f3 que las obras se sostienen con financiamiento provincial. \u201cNo hay obra nacional. Esto es esfuerzo del gobierno provincial que consigui\u00f3 recursos para poder reparar nuestras escuelas\u201d, afirm\u00f3.<\/p>\n\n\n\n<p>Finalmente, se refiri\u00f3 al impacto de estas obras. \u201cCuando llegan cosas concretas, aparece la esperanza de que los chicos tengan un establecimiento en condiciones\u201d, dijo.<\/p>\n\n\n<figure class=\"wp-block-post-featured-image\"><img loading=\"lazy\" decoding=\"async\" width=\"409\" height=\"240\" src=\"https:\/\/pericohoy.com.ar\/wp2\/wp-content\/uploads\/2026\/04\/FB_IMG_1777127126159.jpg\" class=\"attachment-post-thumbnail size-post-thumbnail wp-post-image\" alt=\"\" style=\"object-fit:cover;\" srcset=\"https:\/\/pericohoy.com.ar\/wp2\/wp-content\/uploads\/2026\/04\/FB_IMG_1777127126159.jpg 409w, https:\/\/pericohoy.com.ar\/wp2\/wp-content\/uploads\/2026\/04\/FB_IMG_1777127126159-300x176.jpg 300w\" sizes=\"auto, (max-width: 409px) 100vw, 409px\" \/><\/figure>","protected":false},"excerpt":{"rendered":"<p>La Municipalidad de Perico, el Ministerio de Educaci\u00f3n y la Escuela de Comercio firmaron un convenio para avanzar con la refacci\u00f3n del edificio, en el marco de un plan que incluye mejoras en varios establecimientos de la ciudad. El intendente Rolando Pascual Ficoseco destac\u00f3 el alcance de las obras y el impacto en el sistema [&hellip;]<\/p>\n","protected":false},"author":3,"featured_media":3438,"comment_status":"closed","ping_status":"closed","sticky":false,"template":"","format":"standard","meta":{"footnotes":""},"categories":[1],"tags":[],"class_list":["post-3437","post","type-post","status-publish","format-standard","has-post-thumbnail","hentry","category-sin-categoria"],"yoast_head":"<!-- This site is optimized with the Yoast SEO plugin v27.4 - https:\/\/yoast.com\/product\/yoast-seo-wordpress\/ -->\n<title>Firman convenio para refaccionar la Escuela de Comercio y anuncian obras en otros establecimientos - Perico Hoy<\/title>\n<meta name=\"robots\" content=\"index, follow, max-snippet:-1, max-image-preview:large, max-video-preview:-1\" \/>\n<link rel=\"canonical\" href=\"https:\/\/pericohoy.com.ar\/wp2\/index.php\/2026\/04\/25\/firman-convenio-para-refaccionar-la-escuela-de-comercio-y-anuncian-obras-en-otros-establecimientos\/\" \/>\n<meta property=\"og:locale\" content=\"es_ES\" \/>\n<meta property=\"og:type\" content=\"article\" \/>\n<meta property=\"og:title\" content=\"Firman convenio para refaccionar la Escuela de Comercio y anuncian obras en otros establecimientos - Perico Hoy\" \/>\n<meta property=\"og:description\" content=\"La Municipalidad de Perico, el Ministerio de Educaci\u00f3n y la Escuela de Comercio firmaron un convenio para avanzar con la refacci\u00f3n del edificio, en el marco de un plan que incluye mejoras en varios establecimientos de la ciudad. El intendente Rolando Pascual Ficoseco destac\u00f3 el alcance de las obras y el impacto en el sistema [&hellip;]\" \/>\n<meta property=\"og:url\" content=\"https:\/\/pericohoy.com.ar\/wp2\/index.php\/2026\/04\/25\/firman-convenio-para-refaccionar-la-escuela-de-comercio-y-anuncian-obras-en-otros-establecimientos\/\" \/>\n<meta property=\"og:site_name\" content=\"Perico Hoy\" \/>\n<meta property=\"article:publisher\" content=\"https:\/\/www.facebook.com\/skyfm106.1\" \/>\n<meta property=\"article:published_time\" content=\"2026-04-25T14:28:49+00:00\" \/>\n<meta property=\"article:modified_time\" content=\"2026-04-25T14:28:50+00:00\" \/>\n<meta property=\"og:image\" content=\"http:\/\/pericohoy.com.ar\/wp2\/wp-content\/uploads\/2026\/04\/FB_IMG_1777127126159.jpg\" \/>\n\t<meta property=\"og:image:width\" content=\"409\" \/>\n\t<meta property=\"og:image:height\" content=\"240\" \/>\n\t<meta property=\"og:image:type\" content=\"image\/jpeg\" \/>\n<meta name=\"author\" content=\"Editorial PericoHoy\" \/>\n<meta name=\"twitter:card\" content=\"summary_large_image\" \/>\n<meta name=\"twitter:label1\" content=\"Escrito por\" \/>\n\t<meta name=\"twitter:data1\" content=\"Editorial PericoHoy\" \/>\n\t<meta name=\"twitter:label2\" content=\"Tiempo de lectura\" \/>\n\t<meta name=\"twitter:data2\" content=\"2 minutos\" \/>\n<script type=\"application\/ld+json\" class=\"yoast-schema-graph\">{\"@context\":\"https:\\\/\\\/schema.org\",\"@graph\":[{\"@type\":\"Article\",\"@id\":\"https:\\\/\\\/pericohoy.com.ar\\\/wp2\\\/index.php\\\/2026\\\/04\\\/25\\\/firman-convenio-para-refaccionar-la-escuela-de-comercio-y-anuncian-obras-en-otros-establecimientos\\\/#article\",\"isPartOf\":{\"@id\":\"https:\\\/\\\/pericohoy.com.ar\\\/wp2\\\/index.php\\\/2026\\\/04\\\/25\\\/firman-convenio-para-refaccionar-la-escuela-de-comercio-y-anuncian-obras-en-otros-establecimientos\\\/\"},\"author\":{\"name\":\"Editorial PericoHoy\",\"@id\":\"https:\\\/\\\/pericohoy.com.ar\\\/wp2\\\/#\\\/schema\\\/person\\\/64faae7188964b2948da6c16625567ac\"},\"headline\":\"Firman convenio para refaccionar la Escuela de Comercio y anuncian obras en otros establecimientos\",\"datePublished\":\"2026-04-25T14:28:49+00:00\",\"dateModified\":\"2026-04-25T14:28:50+00:00\",\"mainEntityOfPage\":{\"@id\":\"https:\\\/\\\/pericohoy.com.ar\\\/wp2\\\/index.php\\\/2026\\\/04\\\/25\\\/firman-convenio-para-refaccionar-la-escuela-de-comercio-y-anuncian-obras-en-otros-establecimientos\\\/\"},\"wordCount\":418,\"publisher\":{\"@id\":\"https:\\\/\\\/pericohoy.com.ar\\\/wp2\\\/#organization\"},\"image\":{\"@id\":\"https:\\\/\\\/pericohoy.com.ar\\\/wp2\\\/index.php\\\/2026\\\/04\\\/25\\\/firman-convenio-para-refaccionar-la-escuela-de-comercio-y-anuncian-obras-en-otros-establecimientos\\\/#primaryimage\"},\"thumbnailUrl\":\"https:\\\/\\\/pericohoy.com.ar\\\/wp2\\\/wp-content\\\/uploads\\\/2026\\\/04\\\/FB_IMG_1777127126159.jpg\",\"inLanguage\":\"es\"},{\"@type\":\"WebPage\",\"@id\":\"https:\\\/\\\/pericohoy.com.ar\\\/wp2\\\/index.php\\\/2026\\\/04\\\/25\\\/firman-convenio-para-refaccionar-la-escuela-de-comercio-y-anuncian-obras-en-otros-establecimientos\\\/\",\"url\":\"https:\\\/\\\/pericohoy.com.ar\\\/wp2\\\/index.php\\\/2026\\\/04\\\/25\\\/firman-convenio-para-refaccionar-la-escuela-de-comercio-y-anuncian-obras-en-otros-establecimientos\\\/\",\"name\":\"Firman convenio para refaccionar la Escuela de Comercio y anuncian obras en otros establecimientos - Perico Hoy\",\"isPartOf\":{\"@id\":\"https:\\\/\\\/pericohoy.com.ar\\\/wp2\\\/#website\"},\"primaryImageOfPage\":{\"@id\":\"https:\\\/\\\/pericohoy.com.ar\\\/wp2\\\/index.php\\\/2026\\\/04\\\/25\\\/firman-convenio-para-refaccionar-la-escuela-de-comercio-y-anuncian-obras-en-otros-establecimientos\\\/#primaryimage\"},\"image\":{\"@id\":\"https:\\\/\\\/pericohoy.com.ar\\\/wp2\\\/index.php\\\/2026\\\/04\\\/25\\\/firman-convenio-para-refaccionar-la-escuela-de-comercio-y-anuncian-obras-en-otros-establecimientos\\\/#primaryimage\"},\"thumbnailUrl\":\"https:\\\/\\\/pericohoy.com.ar\\\/wp2\\\/wp-content\\\/uploads\\\/2026\\\/04\\\/FB_IMG_1777127126159.jpg\",\"datePublished\":\"2026-04-25T14:28:49+00:00\",\"dateModified\":\"2026-04-25T14:28:50+00:00\",\"breadcrumb\":{\"@id\":\"https:\\\/\\\/pericohoy.com.ar\\\/wp2\\\/index.php\\\/2026\\\/04\\\/25\\\/firman-convenio-para-refaccionar-la-escuela-de-comercio-y-anuncian-obras-en-otros-establecimientos\\\/#breadcrumb\"},\"inLanguage\":\"es\",\"potentialAction\":[{\"@type\":\"ReadAction\",\"target\":[\"https:\\\/\\\/pericohoy.com.ar\\\/wp2\\\/index.php\\\/2026\\\/04\\\/25\\\/firman-convenio-para-refaccionar-la-escuela-de-comercio-y-anuncian-obras-en-otros-establecimientos\\\/\"]}]},{\"@type\":\"ImageObject\",\"inLanguage\":\"es\",\"@id\":\"https:\\\/\\\/pericohoy.com.ar\\\/wp2\\\/index.php\\\/2026\\\/04\\\/25\\\/firman-convenio-para-refaccionar-la-escuela-de-comercio-y-anuncian-obras-en-otros-establecimientos\\\/#primaryimage\",\"url\":\"https:\\\/\\\/pericohoy.com.ar\\\/wp2\\\/wp-content\\\/uploads\\\/2026\\\/04\\\/FB_IMG_1777127126159.jpg\",\"contentUrl\":\"https:\\\/\\\/pericohoy.com.ar\\\/wp2\\\/wp-content\\\/uploads\\\/2026\\\/04\\\/FB_IMG_1777127126159.jpg\",\"width\":409,\"height\":240},{\"@type\":\"BreadcrumbList\",\"@id\":\"https:\\\/\\\/pericohoy.com.ar\\\/wp2\\\/index.php\\\/2026\\\/04\\\/25\\\/firman-convenio-para-refaccionar-la-escuela-de-comercio-y-anuncian-obras-en-otros-establecimientos\\\/#breadcrumb\",\"itemListElement\":[{\"@type\":\"ListItem\",\"position\":1,\"name\":\"Portada\",\"item\":\"https:\\\/\\\/pericohoy.com.ar\\\/wp2\\\/\"},{\"@type\":\"ListItem\",\"position\":2,\"name\":\"Firman convenio para refaccionar la Escuela de Comercio y anuncian obras en otros establecimientos\"}]},{\"@type\":\"WebSite\",\"@id\":\"https:\\\/\\\/pericohoy.com.ar\\\/wp2\\\/#website\",\"url\":\"https:\\\/\\\/pericohoy.com.ar\\\/wp2\\\/\",\"name\":\"Perico Hoy\",\"description\":\"Pagina de informaci\u00f3n\",\"publisher\":{\"@id\":\"https:\\\/\\\/pericohoy.com.ar\\\/wp2\\\/#organization\"},\"potentialAction\":[{\"@type\":\"SearchAction\",\"target\":{\"@type\":\"EntryPoint\",\"urlTemplate\":\"https:\\\/\\\/pericohoy.com.ar\\\/wp2\\\/?s={search_term_string}\"},\"query-input\":{\"@type\":\"PropertyValueSpecification\",\"valueRequired\":true,\"valueName\":\"search_term_string\"}}],\"inLanguage\":\"es\"},{\"@type\":\"Organization\",\"@id\":\"https:\\\/\\\/pericohoy.com.ar\\\/wp2\\\/#organization\",\"name\":\"Perico Hoy\",\"url\":\"https:\\\/\\\/pericohoy.com.ar\\\/wp2\\\/\",\"logo\":{\"@type\":\"ImageObject\",\"inLanguage\":\"es\",\"@id\":\"https:\\\/\\\/pericohoy.com.ar\\\/wp2\\\/#\\\/schema\\\/logo\\\/image\\\/\",\"url\":\"https:\\\/\\\/pericohoy.com.ar\\\/wp2\\\/wp-content\\\/uploads\\\/2024\\\/09\\\/cropped-Perico-Hoy-logo-150.png\",\"contentUrl\":\"https:\\\/\\\/pericohoy.com.ar\\\/wp2\\\/wp-content\\\/uploads\\\/2024\\\/09\\\/cropped-Perico-Hoy-logo-150.png\",\"width\":150,\"height\":146,\"caption\":\"Perico Hoy\"},\"image\":{\"@id\":\"https:\\\/\\\/pericohoy.com.ar\\\/wp2\\\/#\\\/schema\\\/logo\\\/image\\\/\"},\"sameAs\":[\"https:\\\/\\\/www.facebook.com\\\/skyfm106.1\"]},{\"@type\":\"Person\",\"@id\":\"https:\\\/\\\/pericohoy.com.ar\\\/wp2\\\/#\\\/schema\\\/person\\\/64faae7188964b2948da6c16625567ac\",\"name\":\"Editorial PericoHoy\",\"image\":{\"@type\":\"ImageObject\",\"inLanguage\":\"es\",\"@id\":\"https:\\\/\\\/secure.gravatar.com\\\/avatar\\\/21f9271d86aea20a0e6602dc52afea816041da20eadc13112c66556ad5f12df2?s=96&d=mm&r=g\",\"url\":\"https:\\\/\\\/secure.gravatar.com\\\/avatar\\\/21f9271d86aea20a0e6602dc52afea816041da20eadc13112c66556ad5f12df2?s=96&d=mm&r=g\",\"contentUrl\":\"https:\\\/\\\/secure.gravatar.com\\\/avatar\\\/21f9271d86aea20a0e6602dc52afea816041da20eadc13112c66556ad5f12df2?s=96&d=mm&r=g\",\"caption\":\"Editorial PericoHoy\"},\"url\":\"https:\\\/\\\/pericohoy.com.ar\\\/wp2\\\/index.php\\\/author\\\/editorial\\\/\"}]}<\/script>\n<!-- \/ Yoast SEO plugin. -->","yoast_head_json":{"title":"Firman convenio para refaccionar la Escuela de Comercio y anuncian obras en otros establecimientos - Perico Hoy","robots":{"index":"index","follow":"follow","max-snippet":"max-snippet:-1","max-image-preview":"max-image-preview:large","max-video-preview":"max-video-preview:-1"},"canonical":"https:\/\/pericohoy.com.ar\/wp2\/index.php\/2026\/04\/25\/firman-convenio-para-refaccionar-la-escuela-de-comercio-y-anuncian-obras-en-otros-establecimientos\/","og_locale":"es_ES","og_type":"article","og_title":"Firman convenio para refaccionar la Escuela de Comercio y anuncian obras en otros establecimientos - Perico Hoy","og_description":"La Municipalidad de Perico, el Ministerio de Educaci\u00f3n y la Escuela de Comercio firmaron un convenio para avanzar con la refacci\u00f3n del edificio, en el marco de un plan que incluye mejoras en varios establecimientos de la ciudad. El intendente Rolando Pascual Ficoseco destac\u00f3 el alcance de las obras y el impacto en el sistema [&hellip;]","og_url":"https:\/\/pericohoy.com.ar\/wp2\/index.php\/2026\/04\/25\/firman-convenio-para-refaccionar-la-escuela-de-comercio-y-anuncian-obras-en-otros-establecimientos\/","og_site_name":"Perico Hoy","article_publisher":"https:\/\/www.facebook.com\/skyfm106.1","article_published_time":"2026-04-25T14:28:49+00:00","article_modified_time":"2026-04-25T14:28:50+00:00","og_image":[{"width":409,"height":240,"url":"http:\/\/pericohoy.com.ar\/wp2\/wp-content\/uploads\/2026\/04\/FB_IMG_1777127126159.jpg","type":"image\/jpeg"}],"author":"Editorial PericoHoy","twitter_card":"summary_large_image","twitter_misc":{"Escrito por":"Editorial PericoHoy","Tiempo de lectura":"2 minutos"},"schema":{"@context":"https:\/\/schema.org","@graph":[{"@type":"Article","@id":"https:\/\/pericohoy.com.ar\/wp2\/index.php\/2026\/04\/25\/firman-convenio-para-refaccionar-la-escuela-de-comercio-y-anuncian-obras-en-otros-establecimientos\/#article","isPartOf":{"@id":"https:\/\/pericohoy.com.ar\/wp2\/index.php\/2026\/04\/25\/firman-convenio-para-refaccionar-la-escuela-de-comercio-y-anuncian-obras-en-otros-establecimientos\/"},"author":{"name":"Editorial PericoHoy","@id":"https:\/\/pericohoy.com.ar\/wp2\/#\/schema\/person\/64faae7188964b2948da6c16625567ac"},"headline":"Firman convenio para refaccionar la Escuela de Comercio y anuncian obras en otros establecimientos","datePublished":"2026-04-25T14:28:49+00:00","dateModified":"2026-04-25T14:28:50+00:00","mainEntityOfPage":{"@id":"https:\/\/pericohoy.com.ar\/wp2\/index.php\/2026\/04\/25\/firman-convenio-para-refaccionar-la-escuela-de-comercio-y-anuncian-obras-en-otros-establecimientos\/"},"wordCount":418,"publisher":{"@id":"https:\/\/pericohoy.com.ar\/wp2\/#organization"},"image":{"@id":"https:\/\/pericohoy.com.ar\/wp2\/index.php\/2026\/04\/25\/firman-convenio-para-refaccionar-la-escuela-de-comercio-y-anuncian-obras-en-otros-establecimientos\/#primaryimage"},"thumbnailUrl":"https:\/\/pericohoy.com.ar\/wp2\/wp-content\/uploads\/2026\/04\/FB_IMG_1777127126159.jpg","inLanguage":"es"},{"@type":"WebPage","@id":"https:\/\/pericohoy.com.ar\/wp2\/index.php\/2026\/04\/25\/firman-convenio-para-refaccionar-la-escuela-de-comercio-y-anuncian-obras-en-otros-establecimientos\/","url":"https:\/\/pericohoy.com.ar\/wp2\/index.php\/2026\/04\/25\/firman-convenio-para-refaccionar-la-escuela-de-comercio-y-anuncian-obras-en-otros-establecimientos\/","name":"Firman convenio para refaccionar la Escuela de Comercio y anuncian obras en otros establecimientos - Perico Hoy","isPartOf":{"@id":"https:\/\/pericohoy.com.ar\/wp2\/#website"},"primaryImageOfPage":{"@id":"https:\/\/pericohoy.com.ar\/wp2\/index.php\/2026\/04\/25\/firman-convenio-para-refaccionar-la-escuela-de-comercio-y-anuncian-obras-en-otros-establecimientos\/#primaryimage"},"image":{"@id":"https:\/\/pericohoy.com.ar\/wp2\/index.php\/2026\/04\/25\/firman-convenio-para-refaccionar-la-escuela-de-comercio-y-anuncian-obras-en-otros-establecimientos\/#primaryimage"},"thumbnailUrl":"https:\/\/pericohoy.com.ar\/wp2\/wp-content\/uploads\/2026\/04\/FB_IMG_1777127126159.jpg","datePublished":"2026-04-25T14:28:49+00:00","dateModified":"2026-04-25T14:28:50+00:00","breadcrumb":{"@id":"https:\/\/pericohoy.com.ar\/wp2\/index.php\/2026\/04\/25\/firman-convenio-para-refaccionar-la-escuela-de-comercio-y-anuncian-obras-en-otros-establecimientos\/#breadcrumb"},"inLanguage":"es","potentialAction":[{"@type":"ReadAction","target":["https:\/\/pericohoy.com.ar\/wp2\/index.php\/2026\/04\/25\/firman-convenio-para-refaccionar-la-escuela-de-comercio-y-anuncian-obras-en-otros-establecimientos\/"]}]},{"@type":"ImageObject","inLanguage":"es","@id":"https:\/\/pericohoy.com.ar\/wp2\/index.php\/2026\/04\/25\/firman-convenio-para-refaccionar-la-escuela-de-comercio-y-anuncian-obras-en-otros-establecimientos\/#primaryimage","url":"https:\/\/pericohoy.com.ar\/wp2\/wp-content\/uploads\/2026\/04\/FB_IMG_1777127126159.jpg","contentUrl":"https:\/\/pericohoy.com.ar\/wp2\/wp-content\/uploads\/2026\/04\/FB_IMG_1777127126159.jpg","width":409,"height":240},{"@type":"BreadcrumbList","@id":"https:\/\/pericohoy.com.ar\/wp2\/index.php\/2026\/04\/25\/firman-convenio-para-refaccionar-la-escuela-de-comercio-y-anuncian-obras-en-otros-establecimientos\/#breadcrumb","itemListElement":[{"@type":"ListItem","position":1,"name":"Portada","item":"https:\/\/pericohoy.com.ar\/wp2\/"},{"@type":"ListItem","position":2,"name":"Firman convenio para refaccionar la Escuela de Comercio y anuncian obras en otros establecimientos"}]},{"@type":"WebSite","@id":"https:\/\/pericohoy.com.ar\/wp2\/#website","url":"https:\/\/pericohoy.com.ar\/wp2\/","name":"Perico Hoy","description":"Pagina de informaci\u00f3n","publisher":{"@id":"https:\/\/pericohoy.com.ar\/wp2\/#organization"},"potentialAction":[{"@type":"SearchAction","target":{"@type":"EntryPoint","urlTemplate":"https:\/\/pericohoy.com.ar\/wp2\/?s={search_term_string}"},"query-input":{"@type":"PropertyValueSpecification","valueRequired":true,"valueName":"search_term_string"}}],"inLanguage":"es"},{"@type":"Organization","@id":"https:\/\/pericohoy.com.ar\/wp2\/#organization","name":"Perico Hoy","url":"https:\/\/pericohoy.com.ar\/wp2\/","logo":{"@type":"ImageObject","inLanguage":"es","@id":"https:\/\/pericohoy.com.ar\/wp2\/#\/schema\/logo\/image\/","url":"https:\/\/pericohoy.com.ar\/wp2\/wp-content\/uploads\/2024\/09\/cropped-Perico-Hoy-logo-150.png","contentUrl":"https:\/\/pericohoy.com.ar\/wp2\/wp-content\/uploads\/2024\/09\/cropped-Perico-Hoy-logo-150.png","width":150,"height":146,"caption":"Perico Hoy"},"image":{"@id":"https:\/\/pericohoy.com.ar\/wp2\/#\/schema\/logo\/image\/"},"sameAs":["https:\/\/www.facebook.com\/skyfm106.1"]},{"@type":"Person","@id":"https:\/\/pericohoy.com.ar\/wp2\/#\/schema\/person\/64faae7188964b2948da6c16625567ac","name":"Editorial PericoHoy","image":{"@type":"ImageObject","inLanguage":"es","@id":"https:\/\/secure.gravatar.com\/avatar\/21f9271d86aea20a0e6602dc52afea816041da20eadc13112c66556ad5f12df2?s=96&d=mm&r=g","url":"https:\/\/secure.gravatar.com\/avatar\/21f9271d86aea20a0e6602dc52afea816041da20eadc13112c66556ad5f12df2?s=96&d=mm&r=g","contentUrl":"https:\/\/secure.gravatar.com\/avatar\/21f9271d86aea20a0e6602dc52afea816041da20eadc13112c66556ad5f12df2?s=96&d=mm&r=g","caption":"Editorial PericoHoy"},"url":"https:\/\/pericohoy.com.ar\/wp2\/index.php\/author\/editorial\/"}]}},"_links":{"self":[{"href":"https:\/\/pericohoy.com.ar\/wp2\/index.php\/wp-json\/wp\/v2\/posts\/3437","targetHints":{"allow":["GET"]}}],"collection":[{"href":"https:\/\/pericohoy.com.ar\/wp2\/index.php\/wp-json\/wp\/v2\/posts"}],"about":[{"href":"https:\/\/pericohoy.com.ar\/wp2\/index.php\/wp-json\/wp\/v2\/types\/post"}],"author":[{"embeddable":true,"href":"https:\/\/pericohoy.com.ar\/wp2\/index.php\/wp-json\/wp\/v2\/users\/3"}],"replies":[{"embeddable":true,"href":"https:\/\/pericohoy.com.ar\/wp2\/index.php\/wp-json\/wp\/v2\/comments?post=3437"}],"version-history":[{"count":1,"href":"https:\/\/pericohoy.com.ar\/wp2\/index.php\/wp-json\/wp\/v2\/posts\/3437\/revisions"}],"predecessor-version":[{"id":3439,"href":"https:\/\/pericohoy.com.ar\/wp2\/index.php\/wp-json\/wp\/v2\/posts\/3437\/revisions\/3439"}],"wp:featuredmedia":[{"embeddable":true,"href":"https:\/\/pericohoy.com.ar\/wp2\/index.php\/wp-json\/wp\/v2\/media\/3438"}],"wp:attachment":[{"href":"https:\/\/pericohoy.com.ar\/wp2\/index.php\/wp-json\/wp\/v2\/media?parent=3437"}],"wp:term":[{"taxonomy":"category","embeddable":true,"href":"https:\/\/pericohoy.com.ar\/wp2\/index.php\/wp-json\/wp\/v2\/categories?post=3437"},{"taxonomy":"post_tag","embeddable":true,"href":"https:\/\/pericohoy.com.ar\/wp2\/index.php\/wp-json\/wp\/v2\/tags?post=3437"}],"curies":[{"name":"wp","href":"https:\/\/api.w.org\/{rel}","templated":true}]}}