{"id":3434,"date":"2026-04-25T11:25:08","date_gmt":"2026-04-25T14:25:08","guid":{"rendered":"https:\/\/pericohoy.com.ar\/wp2\/?p=3434"},"modified":"2026-04-25T11:25:14","modified_gmt":"2026-04-25T14:25:14","slug":"la-quiaca-suma-un-nuevo-polo-cultural","status":"publish","type":"post","link":"https:\/\/pericohoy.com.ar\/wp2\/index.php\/2026\/04\/25\/la-quiaca-suma-un-nuevo-polo-cultural\/","title":{"rendered":"La Quiaca suma un nuevo polo cultural"},"content":{"rendered":"\n<p> El gobernador Carlos Sadir particip\u00f3 de la inauguraci\u00f3n del Complejo Cultural \u201cManka Fiesta\u201d en La Quiaca, un espacio destinado a actividades sociales, educativas y art\u00edsticas que busca fortalecer el desarrollo cultural de toda la regi\u00f3n.<\/p>\n\n\n\n<p>Durante el acto, el mandatario destac\u00f3 la importancia de la obra p\u00fablica como motor de crecimiento y asegur\u00f3 que el nuevo complejo \u201cpermitir\u00e1 el desarrollo cultural e hist\u00f3rico de la regi\u00f3n, promoviendo la cultura de Jujuy\u201d. Adem\u00e1s, expres\u00f3 su satisfacci\u00f3n por la concreci\u00f3n del proyecto, recordando que fue presentado en mayo de 2024 y que \u201csuper\u00f3 las expectativas iniciales\u201d.<\/p>\n\n\n\n<p>Sadir tambi\u00e9n puso en valor el trabajo del intendente Dante Vel\u00e1zquez y su equipo, al remarcar que la obra se ejecut\u00f3 con mano de obra local y en un plazo \u00e1gil, calific\u00e1ndola como \u201cun lujo para La Quiaca, la provincia y toda su zona de influencia\u201d.<\/p>\n\n\n\n<p>En su discurso, el gobernador defendi\u00f3 la inversi\u00f3n en infraestructura al sostener que \u201ces clave mantener el equilibrio fiscal con sentido social\u201d, y subray\u00f3 la necesidad de sostener pol\u00edticas p\u00fablicas que impulsen el desarrollo federal. En ese marco, reiter\u00f3 el reclamo por mayor inversi\u00f3n en rutas nacionales en beneficio de los juje\u00f1os.<\/p>\n\n\n\n<p>El acto cont\u00f3 con la presencia del gobernador de La Rioja, Ricardo Quintela; la vicegobernadora Teresita Madera; el exgobernador Eduardo Fellner; ministros provinciales, legisladores y autoridades de la Universidad Nacional de Jujuy.<\/p>\n\n\n<figure class=\"wp-block-post-featured-image\"><img loading=\"lazy\" decoding=\"async\" width=\"409\" height=\"239\" src=\"https:\/\/pericohoy.com.ar\/wp2\/wp-content\/uploads\/2026\/04\/FB_IMG_1777126934685.jpg\" class=\"attachment-post-thumbnail size-post-thumbnail wp-post-image\" alt=\"\" style=\"object-fit:cover;\" srcset=\"https:\/\/pericohoy.com.ar\/wp2\/wp-content\/uploads\/2026\/04\/FB_IMG_1777126934685.jpg 409w, https:\/\/pericohoy.com.ar\/wp2\/wp-content\/uploads\/2026\/04\/FB_IMG_1777126934685-300x175.jpg 300w\" sizes=\"auto, (max-width: 409px) 100vw, 409px\" \/><\/figure>","protected":false},"excerpt":{"rendered":"<p>El gobernador Carlos Sadir particip\u00f3 de la inauguraci\u00f3n del Complejo Cultural \u201cManka Fiesta\u201d en La Quiaca, un espacio destinado a actividades sociales, educativas y art\u00edsticas que busca fortalecer el desarrollo cultural de toda la regi\u00f3n. Durante el acto, el mandatario destac\u00f3 la importancia de la obra p\u00fablica como motor de crecimiento y asegur\u00f3 que el [&hellip;]<\/p>\n","protected":false},"author":3,"featured_media":3435,"comment_status":"closed","ping_status":"closed","sticky":false,"template":"","format":"standard","meta":{"footnotes":""},"categories":[1],"tags":[],"class_list":["post-3434","post","type-post","status-publish","format-standard","has-post-thumbnail","hentry","category-sin-categoria"],"yoast_head":"<!-- This site is optimized with the Yoast SEO plugin v27.4 - https:\/\/yoast.com\/product\/yoast-seo-wordpress\/ -->\n<title>La Quiaca suma un nuevo polo cultural - Perico Hoy<\/title>\n<meta name=\"robots\" content=\"index, follow, max-snippet:-1, max-image-preview:large, max-video-preview:-1\" \/>\n<link rel=\"canonical\" href=\"https:\/\/pericohoy.com.ar\/wp2\/index.php\/2026\/04\/25\/la-quiaca-suma-un-nuevo-polo-cultural\/\" \/>\n<meta property=\"og:locale\" content=\"es_ES\" \/>\n<meta property=\"og:type\" content=\"article\" \/>\n<meta property=\"og:title\" content=\"La Quiaca suma un nuevo polo cultural - Perico Hoy\" \/>\n<meta property=\"og:description\" content=\"El gobernador Carlos Sadir particip\u00f3 de la inauguraci\u00f3n del Complejo Cultural \u201cManka Fiesta\u201d en La Quiaca, un espacio destinado a actividades sociales, educativas y art\u00edsticas que busca fortalecer el desarrollo cultural de toda la regi\u00f3n. Durante el acto, el mandatario destac\u00f3 la importancia de la obra p\u00fablica como motor de crecimiento y asegur\u00f3 que el [&hellip;]\" \/>\n<meta property=\"og:url\" content=\"https:\/\/pericohoy.com.ar\/wp2\/index.php\/2026\/04\/25\/la-quiaca-suma-un-nuevo-polo-cultural\/\" \/>\n<meta property=\"og:site_name\" content=\"Perico Hoy\" \/>\n<meta property=\"article:publisher\" content=\"https:\/\/www.facebook.com\/skyfm106.1\" \/>\n<meta property=\"article:published_time\" content=\"2026-04-25T14:25:08+00:00\" \/>\n<meta property=\"article:modified_time\" content=\"2026-04-25T14:25:14+00:00\" \/>\n<meta property=\"og:image\" content=\"http:\/\/pericohoy.com.ar\/wp2\/wp-content\/uploads\/2026\/04\/FB_IMG_1777126934685.jpg\" \/>\n\t<meta property=\"og:image:width\" content=\"409\" \/>\n\t<meta property=\"og:image:height\" content=\"239\" \/>\n\t<meta property=\"og:image:type\" content=\"image\/jpeg\" \/>\n<meta name=\"author\" content=\"Editorial PericoHoy\" \/>\n<meta name=\"twitter:card\" content=\"summary_large_image\" \/>\n<meta name=\"twitter:label1\" content=\"Escrito por\" \/>\n\t<meta name=\"twitter:data1\" content=\"Editorial PericoHoy\" \/>\n\t<meta name=\"twitter:label2\" content=\"Tiempo de lectura\" \/>\n\t<meta name=\"twitter:data2\" content=\"2 minutos\" \/>\n<script type=\"application\/ld+json\" class=\"yoast-schema-graph\">{\"@context\":\"https:\\\/\\\/schema.org\",\"@graph\":[{\"@type\":\"Article\",\"@id\":\"https:\\\/\\\/pericohoy.com.ar\\\/wp2\\\/index.php\\\/2026\\\/04\\\/25\\\/la-quiaca-suma-un-nuevo-polo-cultural\\\/#article\",\"isPartOf\":{\"@id\":\"https:\\\/\\\/pericohoy.com.ar\\\/wp2\\\/index.php\\\/2026\\\/04\\\/25\\\/la-quiaca-suma-un-nuevo-polo-cultural\\\/\"},\"author\":{\"name\":\"Editorial PericoHoy\",\"@id\":\"https:\\\/\\\/pericohoy.com.ar\\\/wp2\\\/#\\\/schema\\\/person\\\/64faae7188964b2948da6c16625567ac\"},\"headline\":\"La Quiaca suma un nuevo polo cultural\",\"datePublished\":\"2026-04-25T14:25:08+00:00\",\"dateModified\":\"2026-04-25T14:25:14+00:00\",\"mainEntityOfPage\":{\"@id\":\"https:\\\/\\\/pericohoy.com.ar\\\/wp2\\\/index.php\\\/2026\\\/04\\\/25\\\/la-quiaca-suma-un-nuevo-polo-cultural\\\/\"},\"wordCount\":247,\"publisher\":{\"@id\":\"https:\\\/\\\/pericohoy.com.ar\\\/wp2\\\/#organization\"},\"image\":{\"@id\":\"https:\\\/\\\/pericohoy.com.ar\\\/wp2\\\/index.php\\\/2026\\\/04\\\/25\\\/la-quiaca-suma-un-nuevo-polo-cultural\\\/#primaryimage\"},\"thumbnailUrl\":\"https:\\\/\\\/pericohoy.com.ar\\\/wp2\\\/wp-content\\\/uploads\\\/2026\\\/04\\\/FB_IMG_1777126934685.jpg\",\"inLanguage\":\"es\"},{\"@type\":\"WebPage\",\"@id\":\"https:\\\/\\\/pericohoy.com.ar\\\/wp2\\\/index.php\\\/2026\\\/04\\\/25\\\/la-quiaca-suma-un-nuevo-polo-cultural\\\/\",\"url\":\"https:\\\/\\\/pericohoy.com.ar\\\/wp2\\\/index.php\\\/2026\\\/04\\\/25\\\/la-quiaca-suma-un-nuevo-polo-cultural\\\/\",\"name\":\"La Quiaca suma un nuevo polo cultural - Perico Hoy\",\"isPartOf\":{\"@id\":\"https:\\\/\\\/pericohoy.com.ar\\\/wp2\\\/#website\"},\"primaryImageOfPage\":{\"@id\":\"https:\\\/\\\/pericohoy.com.ar\\\/wp2\\\/index.php\\\/2026\\\/04\\\/25\\\/la-quiaca-suma-un-nuevo-polo-cultural\\\/#primaryimage\"},\"image\":{\"@id\":\"https:\\\/\\\/pericohoy.com.ar\\\/wp2\\\/index.php\\\/2026\\\/04\\\/25\\\/la-quiaca-suma-un-nuevo-polo-cultural\\\/#primaryimage\"},\"thumbnailUrl\":\"https:\\\/\\\/pericohoy.com.ar\\\/wp2\\\/wp-content\\\/uploads\\\/2026\\\/04\\\/FB_IMG_1777126934685.jpg\",\"datePublished\":\"2026-04-25T14:25:08+00:00\",\"dateModified\":\"2026-04-25T14:25:14+00:00\",\"breadcrumb\":{\"@id\":\"https:\\\/\\\/pericohoy.com.ar\\\/wp2\\\/index.php\\\/2026\\\/04\\\/25\\\/la-quiaca-suma-un-nuevo-polo-cultural\\\/#breadcrumb\"},\"inLanguage\":\"es\",\"potentialAction\":[{\"@type\":\"ReadAction\",\"target\":[\"https:\\\/\\\/pericohoy.com.ar\\\/wp2\\\/index.php\\\/2026\\\/04\\\/25\\\/la-quiaca-suma-un-nuevo-polo-cultural\\\/\"]}]},{\"@type\":\"ImageObject\",\"inLanguage\":\"es\",\"@id\":\"https:\\\/\\\/pericohoy.com.ar\\\/wp2\\\/index.php\\\/2026\\\/04\\\/25\\\/la-quiaca-suma-un-nuevo-polo-cultural\\\/#primaryimage\",\"url\":\"https:\\\/\\\/pericohoy.com.ar\\\/wp2\\\/wp-content\\\/uploads\\\/2026\\\/04\\\/FB_IMG_1777126934685.jpg\",\"contentUrl\":\"https:\\\/\\\/pericohoy.com.ar\\\/wp2\\\/wp-content\\\/uploads\\\/2026\\\/04\\\/FB_IMG_1777126934685.jpg\",\"width\":409,\"height\":239},{\"@type\":\"BreadcrumbList\",\"@id\":\"https:\\\/\\\/pericohoy.com.ar\\\/wp2\\\/index.php\\\/2026\\\/04\\\/25\\\/la-quiaca-suma-un-nuevo-polo-cultural\\\/#breadcrumb\",\"itemListElement\":[{\"@type\":\"ListItem\",\"position\":1,\"name\":\"Portada\",\"item\":\"https:\\\/\\\/pericohoy.com.ar\\\/wp2\\\/\"},{\"@type\":\"ListItem\",\"position\":2,\"name\":\"La Quiaca suma un nuevo polo cultural\"}]},{\"@type\":\"WebSite\",\"@id\":\"https:\\\/\\\/pericohoy.com.ar\\\/wp2\\\/#website\",\"url\":\"https:\\\/\\\/pericohoy.com.ar\\\/wp2\\\/\",\"name\":\"Perico Hoy\",\"description\":\"Pagina de informaci\u00f3n\",\"publisher\":{\"@id\":\"https:\\\/\\\/pericohoy.com.ar\\\/wp2\\\/#organization\"},\"potentialAction\":[{\"@type\":\"SearchAction\",\"target\":{\"@type\":\"EntryPoint\",\"urlTemplate\":\"https:\\\/\\\/pericohoy.com.ar\\\/wp2\\\/?s={search_term_string}\"},\"query-input\":{\"@type\":\"PropertyValueSpecification\",\"valueRequired\":true,\"valueName\":\"search_term_string\"}}],\"inLanguage\":\"es\"},{\"@type\":\"Organization\",\"@id\":\"https:\\\/\\\/pericohoy.com.ar\\\/wp2\\\/#organization\",\"name\":\"Perico Hoy\",\"url\":\"https:\\\/\\\/pericohoy.com.ar\\\/wp2\\\/\",\"logo\":{\"@type\":\"ImageObject\",\"inLanguage\":\"es\",\"@id\":\"https:\\\/\\\/pericohoy.com.ar\\\/wp2\\\/#\\\/schema\\\/logo\\\/image\\\/\",\"url\":\"https:\\\/\\\/pericohoy.com.ar\\\/wp2\\\/wp-content\\\/uploads\\\/2024\\\/09\\\/cropped-Perico-Hoy-logo-150.png\",\"contentUrl\":\"https:\\\/\\\/pericohoy.com.ar\\\/wp2\\\/wp-content\\\/uploads\\\/2024\\\/09\\\/cropped-Perico-Hoy-logo-150.png\",\"width\":150,\"height\":146,\"caption\":\"Perico Hoy\"},\"image\":{\"@id\":\"https:\\\/\\\/pericohoy.com.ar\\\/wp2\\\/#\\\/schema\\\/logo\\\/image\\\/\"},\"sameAs\":[\"https:\\\/\\\/www.facebook.com\\\/skyfm106.1\"]},{\"@type\":\"Person\",\"@id\":\"https:\\\/\\\/pericohoy.com.ar\\\/wp2\\\/#\\\/schema\\\/person\\\/64faae7188964b2948da6c16625567ac\",\"name\":\"Editorial PericoHoy\",\"image\":{\"@type\":\"ImageObject\",\"inLanguage\":\"es\",\"@id\":\"https:\\\/\\\/secure.gravatar.com\\\/avatar\\\/21f9271d86aea20a0e6602dc52afea816041da20eadc13112c66556ad5f12df2?s=96&d=mm&r=g\",\"url\":\"https:\\\/\\\/secure.gravatar.com\\\/avatar\\\/21f9271d86aea20a0e6602dc52afea816041da20eadc13112c66556ad5f12df2?s=96&d=mm&r=g\",\"contentUrl\":\"https:\\\/\\\/secure.gravatar.com\\\/avatar\\\/21f9271d86aea20a0e6602dc52afea816041da20eadc13112c66556ad5f12df2?s=96&d=mm&r=g\",\"caption\":\"Editorial PericoHoy\"},\"url\":\"https:\\\/\\\/pericohoy.com.ar\\\/wp2\\\/index.php\\\/author\\\/editorial\\\/\"}]}<\/script>\n<!-- \/ Yoast SEO plugin. -->","yoast_head_json":{"title":"La Quiaca suma un nuevo polo cultural - Perico Hoy","robots":{"index":"index","follow":"follow","max-snippet":"max-snippet:-1","max-image-preview":"max-image-preview:large","max-video-preview":"max-video-preview:-1"},"canonical":"https:\/\/pericohoy.com.ar\/wp2\/index.php\/2026\/04\/25\/la-quiaca-suma-un-nuevo-polo-cultural\/","og_locale":"es_ES","og_type":"article","og_title":"La Quiaca suma un nuevo polo cultural - Perico Hoy","og_description":"El gobernador Carlos Sadir particip\u00f3 de la inauguraci\u00f3n del Complejo Cultural \u201cManka Fiesta\u201d en La Quiaca, un espacio destinado a actividades sociales, educativas y art\u00edsticas que busca fortalecer el desarrollo cultural de toda la regi\u00f3n. Durante el acto, el mandatario destac\u00f3 la importancia de la obra p\u00fablica como motor de crecimiento y asegur\u00f3 que el [&hellip;]","og_url":"https:\/\/pericohoy.com.ar\/wp2\/index.php\/2026\/04\/25\/la-quiaca-suma-un-nuevo-polo-cultural\/","og_site_name":"Perico Hoy","article_publisher":"https:\/\/www.facebook.com\/skyfm106.1","article_published_time":"2026-04-25T14:25:08+00:00","article_modified_time":"2026-04-25T14:25:14+00:00","og_image":[{"width":409,"height":239,"url":"http:\/\/pericohoy.com.ar\/wp2\/wp-content\/uploads\/2026\/04\/FB_IMG_1777126934685.jpg","type":"image\/jpeg"}],"author":"Editorial PericoHoy","twitter_card":"summary_large_image","twitter_misc":{"Escrito por":"Editorial PericoHoy","Tiempo de lectura":"2 minutos"},"schema":{"@context":"https:\/\/schema.org","@graph":[{"@type":"Article","@id":"https:\/\/pericohoy.com.ar\/wp2\/index.php\/2026\/04\/25\/la-quiaca-suma-un-nuevo-polo-cultural\/#article","isPartOf":{"@id":"https:\/\/pericohoy.com.ar\/wp2\/index.php\/2026\/04\/25\/la-quiaca-suma-un-nuevo-polo-cultural\/"},"author":{"name":"Editorial PericoHoy","@id":"https:\/\/pericohoy.com.ar\/wp2\/#\/schema\/person\/64faae7188964b2948da6c16625567ac"},"headline":"La Quiaca suma un nuevo polo cultural","datePublished":"2026-04-25T14:25:08+00:00","dateModified":"2026-04-25T14:25:14+00:00","mainEntityOfPage":{"@id":"https:\/\/pericohoy.com.ar\/wp2\/index.php\/2026\/04\/25\/la-quiaca-suma-un-nuevo-polo-cultural\/"},"wordCount":247,"publisher":{"@id":"https:\/\/pericohoy.com.ar\/wp2\/#organization"},"image":{"@id":"https:\/\/pericohoy.com.ar\/wp2\/index.php\/2026\/04\/25\/la-quiaca-suma-un-nuevo-polo-cultural\/#primaryimage"},"thumbnailUrl":"https:\/\/pericohoy.com.ar\/wp2\/wp-content\/uploads\/2026\/04\/FB_IMG_1777126934685.jpg","inLanguage":"es"},{"@type":"WebPage","@id":"https:\/\/pericohoy.com.ar\/wp2\/index.php\/2026\/04\/25\/la-quiaca-suma-un-nuevo-polo-cultural\/","url":"https:\/\/pericohoy.com.ar\/wp2\/index.php\/2026\/04\/25\/la-quiaca-suma-un-nuevo-polo-cultural\/","name":"La Quiaca suma un nuevo polo cultural - Perico Hoy","isPartOf":{"@id":"https:\/\/pericohoy.com.ar\/wp2\/#website"},"primaryImageOfPage":{"@id":"https:\/\/pericohoy.com.ar\/wp2\/index.php\/2026\/04\/25\/la-quiaca-suma-un-nuevo-polo-cultural\/#primaryimage"},"image":{"@id":"https:\/\/pericohoy.com.ar\/wp2\/index.php\/2026\/04\/25\/la-quiaca-suma-un-nuevo-polo-cultural\/#primaryimage"},"thumbnailUrl":"https:\/\/pericohoy.com.ar\/wp2\/wp-content\/uploads\/2026\/04\/FB_IMG_1777126934685.jpg","datePublished":"2026-04-25T14:25:08+00:00","dateModified":"2026-04-25T14:25:14+00:00","breadcrumb":{"@id":"https:\/\/pericohoy.com.ar\/wp2\/index.php\/2026\/04\/25\/la-quiaca-suma-un-nuevo-polo-cultural\/#breadcrumb"},"inLanguage":"es","potentialAction":[{"@type":"ReadAction","target":["https:\/\/pericohoy.com.ar\/wp2\/index.php\/2026\/04\/25\/la-quiaca-suma-un-nuevo-polo-cultural\/"]}]},{"@type":"ImageObject","inLanguage":"es","@id":"https:\/\/pericohoy.com.ar\/wp2\/index.php\/2026\/04\/25\/la-quiaca-suma-un-nuevo-polo-cultural\/#primaryimage","url":"https:\/\/pericohoy.com.ar\/wp2\/wp-content\/uploads\/2026\/04\/FB_IMG_1777126934685.jpg","contentUrl":"https:\/\/pericohoy.com.ar\/wp2\/wp-content\/uploads\/2026\/04\/FB_IMG_1777126934685.jpg","width":409,"height":239},{"@type":"BreadcrumbList","@id":"https:\/\/pericohoy.com.ar\/wp2\/index.php\/2026\/04\/25\/la-quiaca-suma-un-nuevo-polo-cultural\/#breadcrumb","itemListElement":[{"@type":"ListItem","position":1,"name":"Portada","item":"https:\/\/pericohoy.com.ar\/wp2\/"},{"@type":"ListItem","position":2,"name":"La Quiaca suma un nuevo polo cultural"}]},{"@type":"WebSite","@id":"https:\/\/pericohoy.com.ar\/wp2\/#website","url":"https:\/\/pericohoy.com.ar\/wp2\/","name":"Perico Hoy","description":"Pagina de informaci\u00f3n","publisher":{"@id":"https:\/\/pericohoy.com.ar\/wp2\/#organization"},"potentialAction":[{"@type":"SearchAction","target":{"@type":"EntryPoint","urlTemplate":"https:\/\/pericohoy.com.ar\/wp2\/?s={search_term_string}"},"query-input":{"@type":"PropertyValueSpecification","valueRequired":true,"valueName":"search_term_string"}}],"inLanguage":"es"},{"@type":"Organization","@id":"https:\/\/pericohoy.com.ar\/wp2\/#organization","name":"Perico Hoy","url":"https:\/\/pericohoy.com.ar\/wp2\/","logo":{"@type":"ImageObject","inLanguage":"es","@id":"https:\/\/pericohoy.com.ar\/wp2\/#\/schema\/logo\/image\/","url":"https:\/\/pericohoy.com.ar\/wp2\/wp-content\/uploads\/2024\/09\/cropped-Perico-Hoy-logo-150.png","contentUrl":"https:\/\/pericohoy.com.ar\/wp2\/wp-content\/uploads\/2024\/09\/cropped-Perico-Hoy-logo-150.png","width":150,"height":146,"caption":"Perico Hoy"},"image":{"@id":"https:\/\/pericohoy.com.ar\/wp2\/#\/schema\/logo\/image\/"},"sameAs":["https:\/\/www.facebook.com\/skyfm106.1"]},{"@type":"Person","@id":"https:\/\/pericohoy.com.ar\/wp2\/#\/schema\/person\/64faae7188964b2948da6c16625567ac","name":"Editorial PericoHoy","image":{"@type":"ImageObject","inLanguage":"es","@id":"https:\/\/secure.gravatar.com\/avatar\/21f9271d86aea20a0e6602dc52afea816041da20eadc13112c66556ad5f12df2?s=96&d=mm&r=g","url":"https:\/\/secure.gravatar.com\/avatar\/21f9271d86aea20a0e6602dc52afea816041da20eadc13112c66556ad5f12df2?s=96&d=mm&r=g","contentUrl":"https:\/\/secure.gravatar.com\/avatar\/21f9271d86aea20a0e6602dc52afea816041da20eadc13112c66556ad5f12df2?s=96&d=mm&r=g","caption":"Editorial PericoHoy"},"url":"https:\/\/pericohoy.com.ar\/wp2\/index.php\/author\/editorial\/"}]}},"_links":{"self":[{"href":"https:\/\/pericohoy.com.ar\/wp2\/index.php\/wp-json\/wp\/v2\/posts\/3434","targetHints":{"allow":["GET"]}}],"collection":[{"href":"https:\/\/pericohoy.com.ar\/wp2\/index.php\/wp-json\/wp\/v2\/posts"}],"about":[{"href":"https:\/\/pericohoy.com.ar\/wp2\/index.php\/wp-json\/wp\/v2\/types\/post"}],"author":[{"embeddable":true,"href":"https:\/\/pericohoy.com.ar\/wp2\/index.php\/wp-json\/wp\/v2\/users\/3"}],"replies":[{"embeddable":true,"href":"https:\/\/pericohoy.com.ar\/wp2\/index.php\/wp-json\/wp\/v2\/comments?post=3434"}],"version-history":[{"count":1,"href":"https:\/\/pericohoy.com.ar\/wp2\/index.php\/wp-json\/wp\/v2\/posts\/3434\/revisions"}],"predecessor-version":[{"id":3436,"href":"https:\/\/pericohoy.com.ar\/wp2\/index.php\/wp-json\/wp\/v2\/posts\/3434\/revisions\/3436"}],"wp:featuredmedia":[{"embeddable":true,"href":"https:\/\/pericohoy.com.ar\/wp2\/index.php\/wp-json\/wp\/v2\/media\/3435"}],"wp:attachment":[{"href":"https:\/\/pericohoy.com.ar\/wp2\/index.php\/wp-json\/wp\/v2\/media?parent=3434"}],"wp:term":[{"taxonomy":"category","embeddable":true,"href":"https:\/\/pericohoy.com.ar\/wp2\/index.php\/wp-json\/wp\/v2\/categories?post=3434"},{"taxonomy":"post_tag","embeddable":true,"href":"https:\/\/pericohoy.com.ar\/wp2\/index.php\/wp-json\/wp\/v2\/tags?post=3434"}],"curies":[{"name":"wp","href":"https:\/\/api.w.org\/{rel}","templated":true}]}}