{"id":3431,"date":"2026-04-25T11:21:51","date_gmt":"2026-04-25T14:21:51","guid":{"rendered":"https:\/\/pericohoy.com.ar\/wp2\/?p=3431"},"modified":"2026-04-25T11:21:52","modified_gmt":"2026-04-25T14:21:52","slug":"seguridad-en-perico-reuniones-con-provincia-y-mas-moviles","status":"publish","type":"post","link":"https:\/\/pericohoy.com.ar\/wp2\/index.php\/2026\/04\/25\/seguridad-en-perico-reuniones-con-provincia-y-mas-moviles\/","title":{"rendered":"Seguridad en Perico: reuniones con Provincia y m\u00e1s m\u00f3viles"},"content":{"rendered":"\n<p> Funcionarios de la Provincia llegaron a la ciudad y se reunieron con el intendente Rolando Pascual Ficoseco para revisar c\u00f3mo se est\u00e1 trabajando y qu\u00e9 medidas se pueden ajustar.<\/p>\n\n\n\n<p>Del encuentro participaron el ministro de Gobierno, Normando \u00c1lvarez Garc\u00eda, y el secretario de Seguridad, Carlos Ariel Gil Urquiola. La reuni\u00f3n fue parte de una recorrida que tambi\u00e9n incluy\u00f3 a El Carmen.<\/p>\n\n\n\n<p>\u00bfQu\u00e9 se habl\u00f3 puntualmente? Principalmente de recursos: c\u00f3mo est\u00e1n distribuidos los polic\u00edas, el uso de los m\u00f3viles y la necesidad de reforzar presencia en algunos sectores. Tambi\u00e9n se plante\u00f3 seguir trabajando en conjunto con la guardia urbana del municipio para tareas preventivas.<\/p>\n\n\n\n<p>Otro punto fue el tema c\u00e1maras. Desde la Provincia explicaron que se busca integrar el sistema de videovigilancia local con el 911, para que la respuesta sea m\u00e1s r\u00e1pida cuando hay una emergencia.<\/p>\n\n\n\n<p>Adem\u00e1s, se mencion\u00f3 la posibilidad de sumar equipamiento para las unidades policiales, algo que forma parte de un plan m\u00e1s amplio que se viene discutiendo en distintas ciudades.<\/p>\n\n\n\n<p>Las reuniones no son nuevas, pero el tema seguridad viene siendo una de las principales preocupaciones de los vecinos. Por eso, cada anuncio genera expectativa sobre c\u00f3mo se va a ver reflejado en la calle. Es de vital urgencia que estos trabajos den sus frutos.<\/p>\n\n\n<figure class=\"wp-block-post-featured-image\"><img loading=\"lazy\" decoding=\"async\" width=\"409\" height=\"244\" src=\"https:\/\/pericohoy.com.ar\/wp2\/wp-content\/uploads\/2026\/04\/FB_IMG_1777126737099.jpg\" class=\"attachment-post-thumbnail size-post-thumbnail wp-post-image\" alt=\"\" style=\"object-fit:cover;\" srcset=\"https:\/\/pericohoy.com.ar\/wp2\/wp-content\/uploads\/2026\/04\/FB_IMG_1777126737099.jpg 409w, https:\/\/pericohoy.com.ar\/wp2\/wp-content\/uploads\/2026\/04\/FB_IMG_1777126737099-300x179.jpg 300w\" sizes=\"auto, (max-width: 409px) 100vw, 409px\" \/><\/figure>","protected":false},"excerpt":{"rendered":"<p>Funcionarios de la Provincia llegaron a la ciudad y se reunieron con el intendente Rolando Pascual Ficoseco para revisar c\u00f3mo se est\u00e1 trabajando y qu\u00e9 medidas se pueden ajustar. Del encuentro participaron el ministro de Gobierno, Normando \u00c1lvarez Garc\u00eda, y el secretario de Seguridad, Carlos Ariel Gil Urquiola. La reuni\u00f3n fue parte de una recorrida [&hellip;]<\/p>\n","protected":false},"author":3,"featured_media":3432,"comment_status":"closed","ping_status":"closed","sticky":false,"template":"","format":"standard","meta":{"footnotes":""},"categories":[1],"tags":[],"class_list":["post-3431","post","type-post","status-publish","format-standard","has-post-thumbnail","hentry","category-sin-categoria"],"yoast_head":"<!-- This site is optimized with the Yoast SEO plugin v27.4 - https:\/\/yoast.com\/product\/yoast-seo-wordpress\/ -->\n<title>Seguridad en Perico: reuniones con Provincia y m\u00e1s m\u00f3viles - Perico Hoy<\/title>\n<meta name=\"robots\" content=\"index, follow, max-snippet:-1, max-image-preview:large, max-video-preview:-1\" \/>\n<link rel=\"canonical\" href=\"https:\/\/pericohoy.com.ar\/wp2\/index.php\/2026\/04\/25\/seguridad-en-perico-reuniones-con-provincia-y-mas-moviles\/\" \/>\n<meta property=\"og:locale\" content=\"es_ES\" \/>\n<meta property=\"og:type\" content=\"article\" \/>\n<meta property=\"og:title\" content=\"Seguridad en Perico: reuniones con Provincia y m\u00e1s m\u00f3viles - Perico Hoy\" \/>\n<meta property=\"og:description\" content=\"Funcionarios de la Provincia llegaron a la ciudad y se reunieron con el intendente Rolando Pascual Ficoseco para revisar c\u00f3mo se est\u00e1 trabajando y qu\u00e9 medidas se pueden ajustar. Del encuentro participaron el ministro de Gobierno, Normando \u00c1lvarez Garc\u00eda, y el secretario de Seguridad, Carlos Ariel Gil Urquiola. La reuni\u00f3n fue parte de una recorrida [&hellip;]\" \/>\n<meta property=\"og:url\" content=\"https:\/\/pericohoy.com.ar\/wp2\/index.php\/2026\/04\/25\/seguridad-en-perico-reuniones-con-provincia-y-mas-moviles\/\" \/>\n<meta property=\"og:site_name\" content=\"Perico Hoy\" \/>\n<meta property=\"article:publisher\" content=\"https:\/\/www.facebook.com\/skyfm106.1\" \/>\n<meta property=\"article:published_time\" content=\"2026-04-25T14:21:51+00:00\" \/>\n<meta property=\"article:modified_time\" content=\"2026-04-25T14:21:52+00:00\" \/>\n<meta property=\"og:image\" content=\"http:\/\/pericohoy.com.ar\/wp2\/wp-content\/uploads\/2026\/04\/FB_IMG_1777126737099.jpg\" \/>\n\t<meta property=\"og:image:width\" content=\"409\" \/>\n\t<meta property=\"og:image:height\" content=\"244\" \/>\n\t<meta property=\"og:image:type\" content=\"image\/jpeg\" \/>\n<meta name=\"author\" content=\"Editorial PericoHoy\" \/>\n<meta name=\"twitter:card\" content=\"summary_large_image\" \/>\n<meta name=\"twitter:label1\" content=\"Escrito por\" \/>\n\t<meta name=\"twitter:data1\" content=\"Editorial PericoHoy\" \/>\n\t<meta name=\"twitter:label2\" content=\"Tiempo de lectura\" \/>\n\t<meta name=\"twitter:data2\" content=\"2 minutos\" \/>\n<script type=\"application\/ld+json\" class=\"yoast-schema-graph\">{\"@context\":\"https:\\\/\\\/schema.org\",\"@graph\":[{\"@type\":\"Article\",\"@id\":\"https:\\\/\\\/pericohoy.com.ar\\\/wp2\\\/index.php\\\/2026\\\/04\\\/25\\\/seguridad-en-perico-reuniones-con-provincia-y-mas-moviles\\\/#article\",\"isPartOf\":{\"@id\":\"https:\\\/\\\/pericohoy.com.ar\\\/wp2\\\/index.php\\\/2026\\\/04\\\/25\\\/seguridad-en-perico-reuniones-con-provincia-y-mas-moviles\\\/\"},\"author\":{\"name\":\"Editorial PericoHoy\",\"@id\":\"https:\\\/\\\/pericohoy.com.ar\\\/wp2\\\/#\\\/schema\\\/person\\\/64faae7188964b2948da6c16625567ac\"},\"headline\":\"Seguridad en Perico: reuniones con Provincia y m\u00e1s m\u00f3viles\",\"datePublished\":\"2026-04-25T14:21:51+00:00\",\"dateModified\":\"2026-04-25T14:21:52+00:00\",\"mainEntityOfPage\":{\"@id\":\"https:\\\/\\\/pericohoy.com.ar\\\/wp2\\\/index.php\\\/2026\\\/04\\\/25\\\/seguridad-en-perico-reuniones-con-provincia-y-mas-moviles\\\/\"},\"wordCount\":234,\"publisher\":{\"@id\":\"https:\\\/\\\/pericohoy.com.ar\\\/wp2\\\/#organization\"},\"image\":{\"@id\":\"https:\\\/\\\/pericohoy.com.ar\\\/wp2\\\/index.php\\\/2026\\\/04\\\/25\\\/seguridad-en-perico-reuniones-con-provincia-y-mas-moviles\\\/#primaryimage\"},\"thumbnailUrl\":\"https:\\\/\\\/pericohoy.com.ar\\\/wp2\\\/wp-content\\\/uploads\\\/2026\\\/04\\\/FB_IMG_1777126737099.jpg\",\"inLanguage\":\"es\"},{\"@type\":\"WebPage\",\"@id\":\"https:\\\/\\\/pericohoy.com.ar\\\/wp2\\\/index.php\\\/2026\\\/04\\\/25\\\/seguridad-en-perico-reuniones-con-provincia-y-mas-moviles\\\/\",\"url\":\"https:\\\/\\\/pericohoy.com.ar\\\/wp2\\\/index.php\\\/2026\\\/04\\\/25\\\/seguridad-en-perico-reuniones-con-provincia-y-mas-moviles\\\/\",\"name\":\"Seguridad en Perico: reuniones con Provincia y m\u00e1s m\u00f3viles - Perico Hoy\",\"isPartOf\":{\"@id\":\"https:\\\/\\\/pericohoy.com.ar\\\/wp2\\\/#website\"},\"primaryImageOfPage\":{\"@id\":\"https:\\\/\\\/pericohoy.com.ar\\\/wp2\\\/index.php\\\/2026\\\/04\\\/25\\\/seguridad-en-perico-reuniones-con-provincia-y-mas-moviles\\\/#primaryimage\"},\"image\":{\"@id\":\"https:\\\/\\\/pericohoy.com.ar\\\/wp2\\\/index.php\\\/2026\\\/04\\\/25\\\/seguridad-en-perico-reuniones-con-provincia-y-mas-moviles\\\/#primaryimage\"},\"thumbnailUrl\":\"https:\\\/\\\/pericohoy.com.ar\\\/wp2\\\/wp-content\\\/uploads\\\/2026\\\/04\\\/FB_IMG_1777126737099.jpg\",\"datePublished\":\"2026-04-25T14:21:51+00:00\",\"dateModified\":\"2026-04-25T14:21:52+00:00\",\"breadcrumb\":{\"@id\":\"https:\\\/\\\/pericohoy.com.ar\\\/wp2\\\/index.php\\\/2026\\\/04\\\/25\\\/seguridad-en-perico-reuniones-con-provincia-y-mas-moviles\\\/#breadcrumb\"},\"inLanguage\":\"es\",\"potentialAction\":[{\"@type\":\"ReadAction\",\"target\":[\"https:\\\/\\\/pericohoy.com.ar\\\/wp2\\\/index.php\\\/2026\\\/04\\\/25\\\/seguridad-en-perico-reuniones-con-provincia-y-mas-moviles\\\/\"]}]},{\"@type\":\"ImageObject\",\"inLanguage\":\"es\",\"@id\":\"https:\\\/\\\/pericohoy.com.ar\\\/wp2\\\/index.php\\\/2026\\\/04\\\/25\\\/seguridad-en-perico-reuniones-con-provincia-y-mas-moviles\\\/#primaryimage\",\"url\":\"https:\\\/\\\/pericohoy.com.ar\\\/wp2\\\/wp-content\\\/uploads\\\/2026\\\/04\\\/FB_IMG_1777126737099.jpg\",\"contentUrl\":\"https:\\\/\\\/pericohoy.com.ar\\\/wp2\\\/wp-content\\\/uploads\\\/2026\\\/04\\\/FB_IMG_1777126737099.jpg\",\"width\":409,\"height\":244},{\"@type\":\"BreadcrumbList\",\"@id\":\"https:\\\/\\\/pericohoy.com.ar\\\/wp2\\\/index.php\\\/2026\\\/04\\\/25\\\/seguridad-en-perico-reuniones-con-provincia-y-mas-moviles\\\/#breadcrumb\",\"itemListElement\":[{\"@type\":\"ListItem\",\"position\":1,\"name\":\"Portada\",\"item\":\"https:\\\/\\\/pericohoy.com.ar\\\/wp2\\\/\"},{\"@type\":\"ListItem\",\"position\":2,\"name\":\"Seguridad en Perico: reuniones con Provincia y m\u00e1s m\u00f3viles\"}]},{\"@type\":\"WebSite\",\"@id\":\"https:\\\/\\\/pericohoy.com.ar\\\/wp2\\\/#website\",\"url\":\"https:\\\/\\\/pericohoy.com.ar\\\/wp2\\\/\",\"name\":\"Perico Hoy\",\"description\":\"Pagina de informaci\u00f3n\",\"publisher\":{\"@id\":\"https:\\\/\\\/pericohoy.com.ar\\\/wp2\\\/#organization\"},\"potentialAction\":[{\"@type\":\"SearchAction\",\"target\":{\"@type\":\"EntryPoint\",\"urlTemplate\":\"https:\\\/\\\/pericohoy.com.ar\\\/wp2\\\/?s={search_term_string}\"},\"query-input\":{\"@type\":\"PropertyValueSpecification\",\"valueRequired\":true,\"valueName\":\"search_term_string\"}}],\"inLanguage\":\"es\"},{\"@type\":\"Organization\",\"@id\":\"https:\\\/\\\/pericohoy.com.ar\\\/wp2\\\/#organization\",\"name\":\"Perico Hoy\",\"url\":\"https:\\\/\\\/pericohoy.com.ar\\\/wp2\\\/\",\"logo\":{\"@type\":\"ImageObject\",\"inLanguage\":\"es\",\"@id\":\"https:\\\/\\\/pericohoy.com.ar\\\/wp2\\\/#\\\/schema\\\/logo\\\/image\\\/\",\"url\":\"https:\\\/\\\/pericohoy.com.ar\\\/wp2\\\/wp-content\\\/uploads\\\/2024\\\/09\\\/cropped-Perico-Hoy-logo-150.png\",\"contentUrl\":\"https:\\\/\\\/pericohoy.com.ar\\\/wp2\\\/wp-content\\\/uploads\\\/2024\\\/09\\\/cropped-Perico-Hoy-logo-150.png\",\"width\":150,\"height\":146,\"caption\":\"Perico Hoy\"},\"image\":{\"@id\":\"https:\\\/\\\/pericohoy.com.ar\\\/wp2\\\/#\\\/schema\\\/logo\\\/image\\\/\"},\"sameAs\":[\"https:\\\/\\\/www.facebook.com\\\/skyfm106.1\"]},{\"@type\":\"Person\",\"@id\":\"https:\\\/\\\/pericohoy.com.ar\\\/wp2\\\/#\\\/schema\\\/person\\\/64faae7188964b2948da6c16625567ac\",\"name\":\"Editorial PericoHoy\",\"image\":{\"@type\":\"ImageObject\",\"inLanguage\":\"es\",\"@id\":\"https:\\\/\\\/secure.gravatar.com\\\/avatar\\\/21f9271d86aea20a0e6602dc52afea816041da20eadc13112c66556ad5f12df2?s=96&d=mm&r=g\",\"url\":\"https:\\\/\\\/secure.gravatar.com\\\/avatar\\\/21f9271d86aea20a0e6602dc52afea816041da20eadc13112c66556ad5f12df2?s=96&d=mm&r=g\",\"contentUrl\":\"https:\\\/\\\/secure.gravatar.com\\\/avatar\\\/21f9271d86aea20a0e6602dc52afea816041da20eadc13112c66556ad5f12df2?s=96&d=mm&r=g\",\"caption\":\"Editorial PericoHoy\"},\"url\":\"https:\\\/\\\/pericohoy.com.ar\\\/wp2\\\/index.php\\\/author\\\/editorial\\\/\"}]}<\/script>\n<!-- \/ Yoast SEO plugin. -->","yoast_head_json":{"title":"Seguridad en Perico: reuniones con Provincia y m\u00e1s m\u00f3viles - Perico Hoy","robots":{"index":"index","follow":"follow","max-snippet":"max-snippet:-1","max-image-preview":"max-image-preview:large","max-video-preview":"max-video-preview:-1"},"canonical":"https:\/\/pericohoy.com.ar\/wp2\/index.php\/2026\/04\/25\/seguridad-en-perico-reuniones-con-provincia-y-mas-moviles\/","og_locale":"es_ES","og_type":"article","og_title":"Seguridad en Perico: reuniones con Provincia y m\u00e1s m\u00f3viles - Perico Hoy","og_description":"Funcionarios de la Provincia llegaron a la ciudad y se reunieron con el intendente Rolando Pascual Ficoseco para revisar c\u00f3mo se est\u00e1 trabajando y qu\u00e9 medidas se pueden ajustar. Del encuentro participaron el ministro de Gobierno, Normando \u00c1lvarez Garc\u00eda, y el secretario de Seguridad, Carlos Ariel Gil Urquiola. La reuni\u00f3n fue parte de una recorrida [&hellip;]","og_url":"https:\/\/pericohoy.com.ar\/wp2\/index.php\/2026\/04\/25\/seguridad-en-perico-reuniones-con-provincia-y-mas-moviles\/","og_site_name":"Perico Hoy","article_publisher":"https:\/\/www.facebook.com\/skyfm106.1","article_published_time":"2026-04-25T14:21:51+00:00","article_modified_time":"2026-04-25T14:21:52+00:00","og_image":[{"width":409,"height":244,"url":"http:\/\/pericohoy.com.ar\/wp2\/wp-content\/uploads\/2026\/04\/FB_IMG_1777126737099.jpg","type":"image\/jpeg"}],"author":"Editorial PericoHoy","twitter_card":"summary_large_image","twitter_misc":{"Escrito por":"Editorial PericoHoy","Tiempo de lectura":"2 minutos"},"schema":{"@context":"https:\/\/schema.org","@graph":[{"@type":"Article","@id":"https:\/\/pericohoy.com.ar\/wp2\/index.php\/2026\/04\/25\/seguridad-en-perico-reuniones-con-provincia-y-mas-moviles\/#article","isPartOf":{"@id":"https:\/\/pericohoy.com.ar\/wp2\/index.php\/2026\/04\/25\/seguridad-en-perico-reuniones-con-provincia-y-mas-moviles\/"},"author":{"name":"Editorial PericoHoy","@id":"https:\/\/pericohoy.com.ar\/wp2\/#\/schema\/person\/64faae7188964b2948da6c16625567ac"},"headline":"Seguridad en Perico: reuniones con Provincia y m\u00e1s m\u00f3viles","datePublished":"2026-04-25T14:21:51+00:00","dateModified":"2026-04-25T14:21:52+00:00","mainEntityOfPage":{"@id":"https:\/\/pericohoy.com.ar\/wp2\/index.php\/2026\/04\/25\/seguridad-en-perico-reuniones-con-provincia-y-mas-moviles\/"},"wordCount":234,"publisher":{"@id":"https:\/\/pericohoy.com.ar\/wp2\/#organization"},"image":{"@id":"https:\/\/pericohoy.com.ar\/wp2\/index.php\/2026\/04\/25\/seguridad-en-perico-reuniones-con-provincia-y-mas-moviles\/#primaryimage"},"thumbnailUrl":"https:\/\/pericohoy.com.ar\/wp2\/wp-content\/uploads\/2026\/04\/FB_IMG_1777126737099.jpg","inLanguage":"es"},{"@type":"WebPage","@id":"https:\/\/pericohoy.com.ar\/wp2\/index.php\/2026\/04\/25\/seguridad-en-perico-reuniones-con-provincia-y-mas-moviles\/","url":"https:\/\/pericohoy.com.ar\/wp2\/index.php\/2026\/04\/25\/seguridad-en-perico-reuniones-con-provincia-y-mas-moviles\/","name":"Seguridad en Perico: reuniones con Provincia y m\u00e1s m\u00f3viles - Perico Hoy","isPartOf":{"@id":"https:\/\/pericohoy.com.ar\/wp2\/#website"},"primaryImageOfPage":{"@id":"https:\/\/pericohoy.com.ar\/wp2\/index.php\/2026\/04\/25\/seguridad-en-perico-reuniones-con-provincia-y-mas-moviles\/#primaryimage"},"image":{"@id":"https:\/\/pericohoy.com.ar\/wp2\/index.php\/2026\/04\/25\/seguridad-en-perico-reuniones-con-provincia-y-mas-moviles\/#primaryimage"},"thumbnailUrl":"https:\/\/pericohoy.com.ar\/wp2\/wp-content\/uploads\/2026\/04\/FB_IMG_1777126737099.jpg","datePublished":"2026-04-25T14:21:51+00:00","dateModified":"2026-04-25T14:21:52+00:00","breadcrumb":{"@id":"https:\/\/pericohoy.com.ar\/wp2\/index.php\/2026\/04\/25\/seguridad-en-perico-reuniones-con-provincia-y-mas-moviles\/#breadcrumb"},"inLanguage":"es","potentialAction":[{"@type":"ReadAction","target":["https:\/\/pericohoy.com.ar\/wp2\/index.php\/2026\/04\/25\/seguridad-en-perico-reuniones-con-provincia-y-mas-moviles\/"]}]},{"@type":"ImageObject","inLanguage":"es","@id":"https:\/\/pericohoy.com.ar\/wp2\/index.php\/2026\/04\/25\/seguridad-en-perico-reuniones-con-provincia-y-mas-moviles\/#primaryimage","url":"https:\/\/pericohoy.com.ar\/wp2\/wp-content\/uploads\/2026\/04\/FB_IMG_1777126737099.jpg","contentUrl":"https:\/\/pericohoy.com.ar\/wp2\/wp-content\/uploads\/2026\/04\/FB_IMG_1777126737099.jpg","width":409,"height":244},{"@type":"BreadcrumbList","@id":"https:\/\/pericohoy.com.ar\/wp2\/index.php\/2026\/04\/25\/seguridad-en-perico-reuniones-con-provincia-y-mas-moviles\/#breadcrumb","itemListElement":[{"@type":"ListItem","position":1,"name":"Portada","item":"https:\/\/pericohoy.com.ar\/wp2\/"},{"@type":"ListItem","position":2,"name":"Seguridad en Perico: reuniones con Provincia y m\u00e1s m\u00f3viles"}]},{"@type":"WebSite","@id":"https:\/\/pericohoy.com.ar\/wp2\/#website","url":"https:\/\/pericohoy.com.ar\/wp2\/","name":"Perico Hoy","description":"Pagina de informaci\u00f3n","publisher":{"@id":"https:\/\/pericohoy.com.ar\/wp2\/#organization"},"potentialAction":[{"@type":"SearchAction","target":{"@type":"EntryPoint","urlTemplate":"https:\/\/pericohoy.com.ar\/wp2\/?s={search_term_string}"},"query-input":{"@type":"PropertyValueSpecification","valueRequired":true,"valueName":"search_term_string"}}],"inLanguage":"es"},{"@type":"Organization","@id":"https:\/\/pericohoy.com.ar\/wp2\/#organization","name":"Perico Hoy","url":"https:\/\/pericohoy.com.ar\/wp2\/","logo":{"@type":"ImageObject","inLanguage":"es","@id":"https:\/\/pericohoy.com.ar\/wp2\/#\/schema\/logo\/image\/","url":"https:\/\/pericohoy.com.ar\/wp2\/wp-content\/uploads\/2024\/09\/cropped-Perico-Hoy-logo-150.png","contentUrl":"https:\/\/pericohoy.com.ar\/wp2\/wp-content\/uploads\/2024\/09\/cropped-Perico-Hoy-logo-150.png","width":150,"height":146,"caption":"Perico Hoy"},"image":{"@id":"https:\/\/pericohoy.com.ar\/wp2\/#\/schema\/logo\/image\/"},"sameAs":["https:\/\/www.facebook.com\/skyfm106.1"]},{"@type":"Person","@id":"https:\/\/pericohoy.com.ar\/wp2\/#\/schema\/person\/64faae7188964b2948da6c16625567ac","name":"Editorial PericoHoy","image":{"@type":"ImageObject","inLanguage":"es","@id":"https:\/\/secure.gravatar.com\/avatar\/21f9271d86aea20a0e6602dc52afea816041da20eadc13112c66556ad5f12df2?s=96&d=mm&r=g","url":"https:\/\/secure.gravatar.com\/avatar\/21f9271d86aea20a0e6602dc52afea816041da20eadc13112c66556ad5f12df2?s=96&d=mm&r=g","contentUrl":"https:\/\/secure.gravatar.com\/avatar\/21f9271d86aea20a0e6602dc52afea816041da20eadc13112c66556ad5f12df2?s=96&d=mm&r=g","caption":"Editorial PericoHoy"},"url":"https:\/\/pericohoy.com.ar\/wp2\/index.php\/author\/editorial\/"}]}},"_links":{"self":[{"href":"https:\/\/pericohoy.com.ar\/wp2\/index.php\/wp-json\/wp\/v2\/posts\/3431","targetHints":{"allow":["GET"]}}],"collection":[{"href":"https:\/\/pericohoy.com.ar\/wp2\/index.php\/wp-json\/wp\/v2\/posts"}],"about":[{"href":"https:\/\/pericohoy.com.ar\/wp2\/index.php\/wp-json\/wp\/v2\/types\/post"}],"author":[{"embeddable":true,"href":"https:\/\/pericohoy.com.ar\/wp2\/index.php\/wp-json\/wp\/v2\/users\/3"}],"replies":[{"embeddable":true,"href":"https:\/\/pericohoy.com.ar\/wp2\/index.php\/wp-json\/wp\/v2\/comments?post=3431"}],"version-history":[{"count":1,"href":"https:\/\/pericohoy.com.ar\/wp2\/index.php\/wp-json\/wp\/v2\/posts\/3431\/revisions"}],"predecessor-version":[{"id":3433,"href":"https:\/\/pericohoy.com.ar\/wp2\/index.php\/wp-json\/wp\/v2\/posts\/3431\/revisions\/3433"}],"wp:featuredmedia":[{"embeddable":true,"href":"https:\/\/pericohoy.com.ar\/wp2\/index.php\/wp-json\/wp\/v2\/media\/3432"}],"wp:attachment":[{"href":"https:\/\/pericohoy.com.ar\/wp2\/index.php\/wp-json\/wp\/v2\/media?parent=3431"}],"wp:term":[{"taxonomy":"category","embeddable":true,"href":"https:\/\/pericohoy.com.ar\/wp2\/index.php\/wp-json\/wp\/v2\/categories?post=3431"},{"taxonomy":"post_tag","embeddable":true,"href":"https:\/\/pericohoy.com.ar\/wp2\/index.php\/wp-json\/wp\/v2\/tags?post=3431"}],"curies":[{"name":"wp","href":"https:\/\/api.w.org\/{rel}","templated":true}]}}