{"id":3428,"date":"2026-04-25T11:18:15","date_gmt":"2026-04-25T14:18:15","guid":{"rendered":"https:\/\/pericohoy.com.ar\/wp2\/?p=3428"},"modified":"2026-04-25T11:18:16","modified_gmt":"2026-04-25T14:18:16","slug":"perico-celebro-sus-59-anos-con-fiesta-emprendedores-y-anuncios-de-obras","status":"publish","type":"post","link":"https:\/\/pericohoy.com.ar\/wp2\/index.php\/2026\/04\/25\/perico-celebro-sus-59-anos-con-fiesta-emprendedores-y-anuncios-de-obras\/","title":{"rendered":"Perico celebr\u00f3 sus 59 a\u00f1os con fiesta, emprendedores y anuncios de obras"},"content":{"rendered":"<figure class=\"wp-block-post-featured-image\"><img loading=\"lazy\" decoding=\"async\" width=\"409\" height=\"244\" src=\"https:\/\/pericohoy.com.ar\/wp2\/wp-content\/uploads\/2026\/04\/FB_IMG_1777126515612.jpg\" class=\"attachment-post-thumbnail size-post-thumbnail wp-post-image\" alt=\"\" style=\"object-fit:cover;\" srcset=\"https:\/\/pericohoy.com.ar\/wp2\/wp-content\/uploads\/2026\/04\/FB_IMG_1777126515612.jpg 409w, https:\/\/pericohoy.com.ar\/wp2\/wp-content\/uploads\/2026\/04\/FB_IMG_1777126515612-300x179.jpg 300w\" sizes=\"auto, (max-width: 409px) 100vw, 409px\" \/><\/figure>\n\n\n<p>El intendente Rolando Ficoseco destac\u00f3 el desarrollo de las actividades y convoc\u00f3 a la comunidad a seguir sum\u00e1ndose: \u201cTodo lo que hicimos es para que los perique\u00f1os disfruten de este lindo momento\u00bb.<\/p>\n\n\n\n<p>El predio central se mantuvo como punto de encuentro con espect\u00e1culos y espacios para compartir en familia. \u201cVa a haber comida y espect\u00e1culo. As\u00ed que los esperamos, vengamos todos a cantar el feliz cumplea\u00f1os a nuestra ciudad\u201d, expres\u00f3 el jefe comunal.<\/p>\n\n\n\n<p>Uno de los ejes principales del evento fue el impulso a la econom\u00eda local. En ese sentido en di\u00e1logo con SKY FM 106.1 remarc\u00f3 el rol de los emprendedores que participaron de la feria: \u201cesto lo hicimos para ayudar tambien a los emprendedores. Me alegro mucho por ellos, porque siempre hay que reactivar la econom\u00eda\u201d. En esa l\u00ednea, agreg\u00f3: \u201cNo estamos en un momento muy f\u00e1cil y ellos son lo m\u00e1s d\u00e9bil de la cadena, hay que cuidarlos\u201d.<\/p>\n\n\n\n<p>En paralelo a los festejos, el intendente repas\u00f3 el plan de obras en ejecuci\u00f3n y proyectadas. \u201cLos regalos tienen que ver con obras que vienen para Perico. Estamos haciendo obra con recursos nuestros, con lo que aporta la gente con sus tasas e impuestos\u201d, explic\u00f3.<\/p>\n\n\n\n<p>Entre los trabajos mencion\u00f3 el avance de cord\u00f3n cuneta en distintos barrios, el nuevo acceso a la ciudad y obras de infraestructura b\u00e1sica. \u201cEn el barrio Primavera vamos a hacer alumbrado p\u00fablico, es un barrio que no tiene nada\u201d, se\u00f1al\u00f3, y agreg\u00f3 que tambi\u00e9n se avanzar\u00e1 con iluminaci\u00f3n en sectores rurales y rutas clave.<\/p>\n\n\n\n<p>Adem\u00e1s, confirm\u00f3 avances en obras estructurales: \u201cYa comenz\u00f3 la obra del puente y las barreras del ferrocarril est\u00e1n adjudicadas\u201d. Tambi\u00e9n se refiri\u00f3 a la reconversi\u00f3n de un proyecto paralizado: \u201cEl CDI del barrio Diamante lo vamos a convertir en un nodo de salud, con atenci\u00f3n permanente de profesionales\u201d.<\/p>\n\n\n\n<p>Por \u00faltimo, destac\u00f3 el trabajo conjunto con los vecinos en distintos puntos de la ciudad: \u201cHay barrios que est\u00e1n haciendo cord\u00f3n cuneta con esfuerzo compartido. El vecino pone materiales y el municipio la mano de obra\u201d.<\/p>\n","protected":false},"excerpt":{"rendered":"<p>El intendente Rolando Ficoseco destac\u00f3 el desarrollo de las actividades y convoc\u00f3 a la comunidad a seguir sum\u00e1ndose: \u201cTodo lo que hicimos es para que los perique\u00f1os disfruten de este lindo momento\u00bb. El predio central se mantuvo como punto de encuentro con espect\u00e1culos y espacios para compartir en familia. \u201cVa a haber comida y espect\u00e1culo. [&hellip;]<\/p>\n","protected":false},"author":3,"featured_media":3429,"comment_status":"closed","ping_status":"closed","sticky":false,"template":"","format":"standard","meta":{"footnotes":""},"categories":[1],"tags":[],"class_list":["post-3428","post","type-post","status-publish","format-standard","has-post-thumbnail","hentry","category-sin-categoria"],"yoast_head":"<!-- This site is optimized with the Yoast SEO plugin v27.4 - https:\/\/yoast.com\/product\/yoast-seo-wordpress\/ -->\n<title>Perico celebr\u00f3 sus 59 a\u00f1os con fiesta, emprendedores y anuncios de obras - Perico Hoy<\/title>\n<meta name=\"robots\" content=\"index, follow, max-snippet:-1, max-image-preview:large, max-video-preview:-1\" \/>\n<link rel=\"canonical\" href=\"https:\/\/pericohoy.com.ar\/wp2\/index.php\/2026\/04\/25\/perico-celebro-sus-59-anos-con-fiesta-emprendedores-y-anuncios-de-obras\/\" \/>\n<meta property=\"og:locale\" content=\"es_ES\" \/>\n<meta property=\"og:type\" content=\"article\" \/>\n<meta property=\"og:title\" content=\"Perico celebr\u00f3 sus 59 a\u00f1os con fiesta, emprendedores y anuncios de obras - Perico Hoy\" \/>\n<meta property=\"og:description\" content=\"El intendente Rolando Ficoseco destac\u00f3 el desarrollo de las actividades y convoc\u00f3 a la comunidad a seguir sum\u00e1ndose: \u201cTodo lo que hicimos es para que los perique\u00f1os disfruten de este lindo momento\u00bb. El predio central se mantuvo como punto de encuentro con espect\u00e1culos y espacios para compartir en familia. \u201cVa a haber comida y espect\u00e1culo. [&hellip;]\" \/>\n<meta property=\"og:url\" content=\"https:\/\/pericohoy.com.ar\/wp2\/index.php\/2026\/04\/25\/perico-celebro-sus-59-anos-con-fiesta-emprendedores-y-anuncios-de-obras\/\" \/>\n<meta property=\"og:site_name\" content=\"Perico Hoy\" \/>\n<meta property=\"article:publisher\" content=\"https:\/\/www.facebook.com\/skyfm106.1\" \/>\n<meta property=\"article:published_time\" content=\"2026-04-25T14:18:15+00:00\" \/>\n<meta property=\"article:modified_time\" content=\"2026-04-25T14:18:16+00:00\" \/>\n<meta property=\"og:image\" content=\"http:\/\/pericohoy.com.ar\/wp2\/wp-content\/uploads\/2026\/04\/FB_IMG_1777126515612.jpg\" \/>\n\t<meta property=\"og:image:width\" content=\"409\" \/>\n\t<meta property=\"og:image:height\" content=\"244\" \/>\n\t<meta property=\"og:image:type\" content=\"image\/jpeg\" \/>\n<meta name=\"author\" content=\"Editorial PericoHoy\" \/>\n<meta name=\"twitter:card\" content=\"summary_large_image\" \/>\n<meta name=\"twitter:label1\" content=\"Escrito por\" \/>\n\t<meta name=\"twitter:data1\" content=\"Editorial PericoHoy\" \/>\n\t<meta name=\"twitter:label2\" content=\"Tiempo de lectura\" \/>\n\t<meta name=\"twitter:data2\" content=\"2 minutos\" \/>\n<script type=\"application\/ld+json\" class=\"yoast-schema-graph\">{\"@context\":\"https:\\\/\\\/schema.org\",\"@graph\":[{\"@type\":\"Article\",\"@id\":\"https:\\\/\\\/pericohoy.com.ar\\\/wp2\\\/index.php\\\/2026\\\/04\\\/25\\\/perico-celebro-sus-59-anos-con-fiesta-emprendedores-y-anuncios-de-obras\\\/#article\",\"isPartOf\":{\"@id\":\"https:\\\/\\\/pericohoy.com.ar\\\/wp2\\\/index.php\\\/2026\\\/04\\\/25\\\/perico-celebro-sus-59-anos-con-fiesta-emprendedores-y-anuncios-de-obras\\\/\"},\"author\":{\"name\":\"Editorial PericoHoy\",\"@id\":\"https:\\\/\\\/pericohoy.com.ar\\\/wp2\\\/#\\\/schema\\\/person\\\/64faae7188964b2948da6c16625567ac\"},\"headline\":\"Perico celebr\u00f3 sus 59 a\u00f1os con fiesta, emprendedores y anuncios de obras\",\"datePublished\":\"2026-04-25T14:18:15+00:00\",\"dateModified\":\"2026-04-25T14:18:16+00:00\",\"mainEntityOfPage\":{\"@id\":\"https:\\\/\\\/pericohoy.com.ar\\\/wp2\\\/index.php\\\/2026\\\/04\\\/25\\\/perico-celebro-sus-59-anos-con-fiesta-emprendedores-y-anuncios-de-obras\\\/\"},\"wordCount\":371,\"publisher\":{\"@id\":\"https:\\\/\\\/pericohoy.com.ar\\\/wp2\\\/#organization\"},\"image\":{\"@id\":\"https:\\\/\\\/pericohoy.com.ar\\\/wp2\\\/index.php\\\/2026\\\/04\\\/25\\\/perico-celebro-sus-59-anos-con-fiesta-emprendedores-y-anuncios-de-obras\\\/#primaryimage\"},\"thumbnailUrl\":\"https:\\\/\\\/pericohoy.com.ar\\\/wp2\\\/wp-content\\\/uploads\\\/2026\\\/04\\\/FB_IMG_1777126515612.jpg\",\"inLanguage\":\"es\"},{\"@type\":\"WebPage\",\"@id\":\"https:\\\/\\\/pericohoy.com.ar\\\/wp2\\\/index.php\\\/2026\\\/04\\\/25\\\/perico-celebro-sus-59-anos-con-fiesta-emprendedores-y-anuncios-de-obras\\\/\",\"url\":\"https:\\\/\\\/pericohoy.com.ar\\\/wp2\\\/index.php\\\/2026\\\/04\\\/25\\\/perico-celebro-sus-59-anos-con-fiesta-emprendedores-y-anuncios-de-obras\\\/\",\"name\":\"Perico celebr\u00f3 sus 59 a\u00f1os con fiesta, emprendedores y anuncios de obras - Perico Hoy\",\"isPartOf\":{\"@id\":\"https:\\\/\\\/pericohoy.com.ar\\\/wp2\\\/#website\"},\"primaryImageOfPage\":{\"@id\":\"https:\\\/\\\/pericohoy.com.ar\\\/wp2\\\/index.php\\\/2026\\\/04\\\/25\\\/perico-celebro-sus-59-anos-con-fiesta-emprendedores-y-anuncios-de-obras\\\/#primaryimage\"},\"image\":{\"@id\":\"https:\\\/\\\/pericohoy.com.ar\\\/wp2\\\/index.php\\\/2026\\\/04\\\/25\\\/perico-celebro-sus-59-anos-con-fiesta-emprendedores-y-anuncios-de-obras\\\/#primaryimage\"},\"thumbnailUrl\":\"https:\\\/\\\/pericohoy.com.ar\\\/wp2\\\/wp-content\\\/uploads\\\/2026\\\/04\\\/FB_IMG_1777126515612.jpg\",\"datePublished\":\"2026-04-25T14:18:15+00:00\",\"dateModified\":\"2026-04-25T14:18:16+00:00\",\"breadcrumb\":{\"@id\":\"https:\\\/\\\/pericohoy.com.ar\\\/wp2\\\/index.php\\\/2026\\\/04\\\/25\\\/perico-celebro-sus-59-anos-con-fiesta-emprendedores-y-anuncios-de-obras\\\/#breadcrumb\"},\"inLanguage\":\"es\",\"potentialAction\":[{\"@type\":\"ReadAction\",\"target\":[\"https:\\\/\\\/pericohoy.com.ar\\\/wp2\\\/index.php\\\/2026\\\/04\\\/25\\\/perico-celebro-sus-59-anos-con-fiesta-emprendedores-y-anuncios-de-obras\\\/\"]}]},{\"@type\":\"ImageObject\",\"inLanguage\":\"es\",\"@id\":\"https:\\\/\\\/pericohoy.com.ar\\\/wp2\\\/index.php\\\/2026\\\/04\\\/25\\\/perico-celebro-sus-59-anos-con-fiesta-emprendedores-y-anuncios-de-obras\\\/#primaryimage\",\"url\":\"https:\\\/\\\/pericohoy.com.ar\\\/wp2\\\/wp-content\\\/uploads\\\/2026\\\/04\\\/FB_IMG_1777126515612.jpg\",\"contentUrl\":\"https:\\\/\\\/pericohoy.com.ar\\\/wp2\\\/wp-content\\\/uploads\\\/2026\\\/04\\\/FB_IMG_1777126515612.jpg\",\"width\":409,\"height\":244},{\"@type\":\"BreadcrumbList\",\"@id\":\"https:\\\/\\\/pericohoy.com.ar\\\/wp2\\\/index.php\\\/2026\\\/04\\\/25\\\/perico-celebro-sus-59-anos-con-fiesta-emprendedores-y-anuncios-de-obras\\\/#breadcrumb\",\"itemListElement\":[{\"@type\":\"ListItem\",\"position\":1,\"name\":\"Portada\",\"item\":\"https:\\\/\\\/pericohoy.com.ar\\\/wp2\\\/\"},{\"@type\":\"ListItem\",\"position\":2,\"name\":\"Perico celebr\u00f3 sus 59 a\u00f1os con fiesta, emprendedores y anuncios de obras\"}]},{\"@type\":\"WebSite\",\"@id\":\"https:\\\/\\\/pericohoy.com.ar\\\/wp2\\\/#website\",\"url\":\"https:\\\/\\\/pericohoy.com.ar\\\/wp2\\\/\",\"name\":\"Perico Hoy\",\"description\":\"Pagina de informaci\u00f3n\",\"publisher\":{\"@id\":\"https:\\\/\\\/pericohoy.com.ar\\\/wp2\\\/#organization\"},\"potentialAction\":[{\"@type\":\"SearchAction\",\"target\":{\"@type\":\"EntryPoint\",\"urlTemplate\":\"https:\\\/\\\/pericohoy.com.ar\\\/wp2\\\/?s={search_term_string}\"},\"query-input\":{\"@type\":\"PropertyValueSpecification\",\"valueRequired\":true,\"valueName\":\"search_term_string\"}}],\"inLanguage\":\"es\"},{\"@type\":\"Organization\",\"@id\":\"https:\\\/\\\/pericohoy.com.ar\\\/wp2\\\/#organization\",\"name\":\"Perico Hoy\",\"url\":\"https:\\\/\\\/pericohoy.com.ar\\\/wp2\\\/\",\"logo\":{\"@type\":\"ImageObject\",\"inLanguage\":\"es\",\"@id\":\"https:\\\/\\\/pericohoy.com.ar\\\/wp2\\\/#\\\/schema\\\/logo\\\/image\\\/\",\"url\":\"https:\\\/\\\/pericohoy.com.ar\\\/wp2\\\/wp-content\\\/uploads\\\/2024\\\/09\\\/cropped-Perico-Hoy-logo-150.png\",\"contentUrl\":\"https:\\\/\\\/pericohoy.com.ar\\\/wp2\\\/wp-content\\\/uploads\\\/2024\\\/09\\\/cropped-Perico-Hoy-logo-150.png\",\"width\":150,\"height\":146,\"caption\":\"Perico Hoy\"},\"image\":{\"@id\":\"https:\\\/\\\/pericohoy.com.ar\\\/wp2\\\/#\\\/schema\\\/logo\\\/image\\\/\"},\"sameAs\":[\"https:\\\/\\\/www.facebook.com\\\/skyfm106.1\"]},{\"@type\":\"Person\",\"@id\":\"https:\\\/\\\/pericohoy.com.ar\\\/wp2\\\/#\\\/schema\\\/person\\\/64faae7188964b2948da6c16625567ac\",\"name\":\"Editorial PericoHoy\",\"image\":{\"@type\":\"ImageObject\",\"inLanguage\":\"es\",\"@id\":\"https:\\\/\\\/secure.gravatar.com\\\/avatar\\\/21f9271d86aea20a0e6602dc52afea816041da20eadc13112c66556ad5f12df2?s=96&d=mm&r=g\",\"url\":\"https:\\\/\\\/secure.gravatar.com\\\/avatar\\\/21f9271d86aea20a0e6602dc52afea816041da20eadc13112c66556ad5f12df2?s=96&d=mm&r=g\",\"contentUrl\":\"https:\\\/\\\/secure.gravatar.com\\\/avatar\\\/21f9271d86aea20a0e6602dc52afea816041da20eadc13112c66556ad5f12df2?s=96&d=mm&r=g\",\"caption\":\"Editorial PericoHoy\"},\"url\":\"https:\\\/\\\/pericohoy.com.ar\\\/wp2\\\/index.php\\\/author\\\/editorial\\\/\"}]}<\/script>\n<!-- \/ Yoast SEO plugin. -->","yoast_head_json":{"title":"Perico celebr\u00f3 sus 59 a\u00f1os con fiesta, emprendedores y anuncios de obras - Perico Hoy","robots":{"index":"index","follow":"follow","max-snippet":"max-snippet:-1","max-image-preview":"max-image-preview:large","max-video-preview":"max-video-preview:-1"},"canonical":"https:\/\/pericohoy.com.ar\/wp2\/index.php\/2026\/04\/25\/perico-celebro-sus-59-anos-con-fiesta-emprendedores-y-anuncios-de-obras\/","og_locale":"es_ES","og_type":"article","og_title":"Perico celebr\u00f3 sus 59 a\u00f1os con fiesta, emprendedores y anuncios de obras - Perico Hoy","og_description":"El intendente Rolando Ficoseco destac\u00f3 el desarrollo de las actividades y convoc\u00f3 a la comunidad a seguir sum\u00e1ndose: \u201cTodo lo que hicimos es para que los perique\u00f1os disfruten de este lindo momento\u00bb. El predio central se mantuvo como punto de encuentro con espect\u00e1culos y espacios para compartir en familia. \u201cVa a haber comida y espect\u00e1culo. [&hellip;]","og_url":"https:\/\/pericohoy.com.ar\/wp2\/index.php\/2026\/04\/25\/perico-celebro-sus-59-anos-con-fiesta-emprendedores-y-anuncios-de-obras\/","og_site_name":"Perico Hoy","article_publisher":"https:\/\/www.facebook.com\/skyfm106.1","article_published_time":"2026-04-25T14:18:15+00:00","article_modified_time":"2026-04-25T14:18:16+00:00","og_image":[{"width":409,"height":244,"url":"http:\/\/pericohoy.com.ar\/wp2\/wp-content\/uploads\/2026\/04\/FB_IMG_1777126515612.jpg","type":"image\/jpeg"}],"author":"Editorial PericoHoy","twitter_card":"summary_large_image","twitter_misc":{"Escrito por":"Editorial PericoHoy","Tiempo de lectura":"2 minutos"},"schema":{"@context":"https:\/\/schema.org","@graph":[{"@type":"Article","@id":"https:\/\/pericohoy.com.ar\/wp2\/index.php\/2026\/04\/25\/perico-celebro-sus-59-anos-con-fiesta-emprendedores-y-anuncios-de-obras\/#article","isPartOf":{"@id":"https:\/\/pericohoy.com.ar\/wp2\/index.php\/2026\/04\/25\/perico-celebro-sus-59-anos-con-fiesta-emprendedores-y-anuncios-de-obras\/"},"author":{"name":"Editorial PericoHoy","@id":"https:\/\/pericohoy.com.ar\/wp2\/#\/schema\/person\/64faae7188964b2948da6c16625567ac"},"headline":"Perico celebr\u00f3 sus 59 a\u00f1os con fiesta, emprendedores y anuncios de obras","datePublished":"2026-04-25T14:18:15+00:00","dateModified":"2026-04-25T14:18:16+00:00","mainEntityOfPage":{"@id":"https:\/\/pericohoy.com.ar\/wp2\/index.php\/2026\/04\/25\/perico-celebro-sus-59-anos-con-fiesta-emprendedores-y-anuncios-de-obras\/"},"wordCount":371,"publisher":{"@id":"https:\/\/pericohoy.com.ar\/wp2\/#organization"},"image":{"@id":"https:\/\/pericohoy.com.ar\/wp2\/index.php\/2026\/04\/25\/perico-celebro-sus-59-anos-con-fiesta-emprendedores-y-anuncios-de-obras\/#primaryimage"},"thumbnailUrl":"https:\/\/pericohoy.com.ar\/wp2\/wp-content\/uploads\/2026\/04\/FB_IMG_1777126515612.jpg","inLanguage":"es"},{"@type":"WebPage","@id":"https:\/\/pericohoy.com.ar\/wp2\/index.php\/2026\/04\/25\/perico-celebro-sus-59-anos-con-fiesta-emprendedores-y-anuncios-de-obras\/","url":"https:\/\/pericohoy.com.ar\/wp2\/index.php\/2026\/04\/25\/perico-celebro-sus-59-anos-con-fiesta-emprendedores-y-anuncios-de-obras\/","name":"Perico celebr\u00f3 sus 59 a\u00f1os con fiesta, emprendedores y anuncios de obras - Perico Hoy","isPartOf":{"@id":"https:\/\/pericohoy.com.ar\/wp2\/#website"},"primaryImageOfPage":{"@id":"https:\/\/pericohoy.com.ar\/wp2\/index.php\/2026\/04\/25\/perico-celebro-sus-59-anos-con-fiesta-emprendedores-y-anuncios-de-obras\/#primaryimage"},"image":{"@id":"https:\/\/pericohoy.com.ar\/wp2\/index.php\/2026\/04\/25\/perico-celebro-sus-59-anos-con-fiesta-emprendedores-y-anuncios-de-obras\/#primaryimage"},"thumbnailUrl":"https:\/\/pericohoy.com.ar\/wp2\/wp-content\/uploads\/2026\/04\/FB_IMG_1777126515612.jpg","datePublished":"2026-04-25T14:18:15+00:00","dateModified":"2026-04-25T14:18:16+00:00","breadcrumb":{"@id":"https:\/\/pericohoy.com.ar\/wp2\/index.php\/2026\/04\/25\/perico-celebro-sus-59-anos-con-fiesta-emprendedores-y-anuncios-de-obras\/#breadcrumb"},"inLanguage":"es","potentialAction":[{"@type":"ReadAction","target":["https:\/\/pericohoy.com.ar\/wp2\/index.php\/2026\/04\/25\/perico-celebro-sus-59-anos-con-fiesta-emprendedores-y-anuncios-de-obras\/"]}]},{"@type":"ImageObject","inLanguage":"es","@id":"https:\/\/pericohoy.com.ar\/wp2\/index.php\/2026\/04\/25\/perico-celebro-sus-59-anos-con-fiesta-emprendedores-y-anuncios-de-obras\/#primaryimage","url":"https:\/\/pericohoy.com.ar\/wp2\/wp-content\/uploads\/2026\/04\/FB_IMG_1777126515612.jpg","contentUrl":"https:\/\/pericohoy.com.ar\/wp2\/wp-content\/uploads\/2026\/04\/FB_IMG_1777126515612.jpg","width":409,"height":244},{"@type":"BreadcrumbList","@id":"https:\/\/pericohoy.com.ar\/wp2\/index.php\/2026\/04\/25\/perico-celebro-sus-59-anos-con-fiesta-emprendedores-y-anuncios-de-obras\/#breadcrumb","itemListElement":[{"@type":"ListItem","position":1,"name":"Portada","item":"https:\/\/pericohoy.com.ar\/wp2\/"},{"@type":"ListItem","position":2,"name":"Perico celebr\u00f3 sus 59 a\u00f1os con fiesta, emprendedores y anuncios de obras"}]},{"@type":"WebSite","@id":"https:\/\/pericohoy.com.ar\/wp2\/#website","url":"https:\/\/pericohoy.com.ar\/wp2\/","name":"Perico Hoy","description":"Pagina de informaci\u00f3n","publisher":{"@id":"https:\/\/pericohoy.com.ar\/wp2\/#organization"},"potentialAction":[{"@type":"SearchAction","target":{"@type":"EntryPoint","urlTemplate":"https:\/\/pericohoy.com.ar\/wp2\/?s={search_term_string}"},"query-input":{"@type":"PropertyValueSpecification","valueRequired":true,"valueName":"search_term_string"}}],"inLanguage":"es"},{"@type":"Organization","@id":"https:\/\/pericohoy.com.ar\/wp2\/#organization","name":"Perico Hoy","url":"https:\/\/pericohoy.com.ar\/wp2\/","logo":{"@type":"ImageObject","inLanguage":"es","@id":"https:\/\/pericohoy.com.ar\/wp2\/#\/schema\/logo\/image\/","url":"https:\/\/pericohoy.com.ar\/wp2\/wp-content\/uploads\/2024\/09\/cropped-Perico-Hoy-logo-150.png","contentUrl":"https:\/\/pericohoy.com.ar\/wp2\/wp-content\/uploads\/2024\/09\/cropped-Perico-Hoy-logo-150.png","width":150,"height":146,"caption":"Perico Hoy"},"image":{"@id":"https:\/\/pericohoy.com.ar\/wp2\/#\/schema\/logo\/image\/"},"sameAs":["https:\/\/www.facebook.com\/skyfm106.1"]},{"@type":"Person","@id":"https:\/\/pericohoy.com.ar\/wp2\/#\/schema\/person\/64faae7188964b2948da6c16625567ac","name":"Editorial PericoHoy","image":{"@type":"ImageObject","inLanguage":"es","@id":"https:\/\/secure.gravatar.com\/avatar\/21f9271d86aea20a0e6602dc52afea816041da20eadc13112c66556ad5f12df2?s=96&d=mm&r=g","url":"https:\/\/secure.gravatar.com\/avatar\/21f9271d86aea20a0e6602dc52afea816041da20eadc13112c66556ad5f12df2?s=96&d=mm&r=g","contentUrl":"https:\/\/secure.gravatar.com\/avatar\/21f9271d86aea20a0e6602dc52afea816041da20eadc13112c66556ad5f12df2?s=96&d=mm&r=g","caption":"Editorial PericoHoy"},"url":"https:\/\/pericohoy.com.ar\/wp2\/index.php\/author\/editorial\/"}]}},"_links":{"self":[{"href":"https:\/\/pericohoy.com.ar\/wp2\/index.php\/wp-json\/wp\/v2\/posts\/3428","targetHints":{"allow":["GET"]}}],"collection":[{"href":"https:\/\/pericohoy.com.ar\/wp2\/index.php\/wp-json\/wp\/v2\/posts"}],"about":[{"href":"https:\/\/pericohoy.com.ar\/wp2\/index.php\/wp-json\/wp\/v2\/types\/post"}],"author":[{"embeddable":true,"href":"https:\/\/pericohoy.com.ar\/wp2\/index.php\/wp-json\/wp\/v2\/users\/3"}],"replies":[{"embeddable":true,"href":"https:\/\/pericohoy.com.ar\/wp2\/index.php\/wp-json\/wp\/v2\/comments?post=3428"}],"version-history":[{"count":1,"href":"https:\/\/pericohoy.com.ar\/wp2\/index.php\/wp-json\/wp\/v2\/posts\/3428\/revisions"}],"predecessor-version":[{"id":3430,"href":"https:\/\/pericohoy.com.ar\/wp2\/index.php\/wp-json\/wp\/v2\/posts\/3428\/revisions\/3430"}],"wp:featuredmedia":[{"embeddable":true,"href":"https:\/\/pericohoy.com.ar\/wp2\/index.php\/wp-json\/wp\/v2\/media\/3429"}],"wp:attachment":[{"href":"https:\/\/pericohoy.com.ar\/wp2\/index.php\/wp-json\/wp\/v2\/media?parent=3428"}],"wp:term":[{"taxonomy":"category","embeddable":true,"href":"https:\/\/pericohoy.com.ar\/wp2\/index.php\/wp-json\/wp\/v2\/categories?post=3428"},{"taxonomy":"post_tag","embeddable":true,"href":"https:\/\/pericohoy.com.ar\/wp2\/index.php\/wp-json\/wp\/v2\/tags?post=3428"}],"curies":[{"name":"wp","href":"https:\/\/api.w.org\/{rel}","templated":true}]}}